{"id":1018,"date":"2025-07-29T10:33:41","date_gmt":"2025-07-29T10:33:41","guid":{"rendered":"https:\/\/ubiracional.org\/?p=1018"},"modified":"2025-07-29T10:53:24","modified_gmt":"2025-07-29T10:53:24","slug":"un-estudio-de-inundaciones-de-la-zona-de-montiber-indica-graves-riesgos-para-los-municipios-de-almarda-y-canet-den-berenguer","status":"publish","type":"post","link":"https:\/\/ubiracional.org\/val\/un-estudio-de-inundaciones-de-la-zona-de-montiber-indica-graves-riesgos-para-los-municipios-de-almarda-y-canet-den-berenguer\/","title":{"rendered":"Un estudio de inundaciones de la zona de Montiber indica graves riesgos para los municipios de Almard\u00e0  y Canet d\u00b4En berenguer."},"content":{"rendered":"<div data-wp-interactive=\"core\/file\" class=\"wp-block-file\"><object data-wp-bind--hidden=\"!state.hasPdfPreview\" hidden class=\"wp-block-file__embed\" data=\"https:\/\/ubiracional.org\/wp-content\/uploads\/2025_07-ESIA_ESTUDIO-INUNDABILIDAD-Montiber_AGRO.pdf\" type=\"application\/pdf\" style=\"width:100%;height:600px\" aria-label=\"Incrustaci\u00f3 del fitxer Estudio de inundabilidad Montiber AGRO 2025.\"><\/object><a id=\"wp-block-file--media-7c3c86d4-947b-44b8-a3d7-7df67bb4c660\" href=\"https:\/\/ubiracional.org\/wp-content\/uploads\/2025_07-ESIA_ESTUDIO-INUNDABILIDAD-Montiber_AGRO.pdf\">Estudio de inundabilidad Montiber AGRO 2025<\/a><a href=\"https:\/\/ubiracional.org\/wp-content\/uploads\/2025_07-ESIA_ESTUDIO-INUNDABILIDAD-Montiber_AGRO.pdf\" class=\"wp-block-file__button wp-element-button\" download aria-describedby=\"wp-block-file--media-7c3c86d4-947b-44b8-a3d7-7df67bb4c660\">Baixa<\/a><\/div>\n\n\n\n<p><strong>Los datos del estudio preliminar<\/strong>, elaborado por la Plataforma en Defensa del Territorio del CdM y Acci\u00f3 Ecologista-Agr\u00f3, que analiza los impactos ambientales derivados de la implantaci\u00f3n de tres plantas fotovoltaicas \u2014Navel, Sagueta y Clementina\u2014 en la partida de Mont\u00edber (Sagunto), <strong>son inquietantes para el riesgo de inundaciones sobre el frente litoral afectado.<\/strong><\/p>\n\n\n\n<p>El proyecto en el contexto del desarrollo energ\u00e9tico <strong>asociado a la gigafactor\u00eda de bater\u00edas de Volkswagen, promovido por empresas del grupo Iberdrola<\/strong> y tramitado como Proyecto Territorial Estrat\u00e9gico (PTE), afectar\u00e1 270 hect\u00e1reas de suelo agr\u00edcola de alto valor agrol\u00f3gico actualmente cultivado con naranjos. La ubicaci\u00f3n propuesta ha generado gran controversia social y oposici\u00f3n ciudadana debido a los potenciales impactos ambientales y riesgos asociados.<\/p>\n\n\n\n<p>Uno de los aspectos m\u00e1s cr\u00edticos se\u00f1alados en el estudio es el <strong>incremento del riesgo de inundaci\u00f3n en los n\u00facleos urbanos cercanos de Almard\u00e0 y Canet d\u2019En Berenguer.<\/strong> Aunque la cartograf\u00eda oficial no marca expl\u00edcitamente la zona de implantaci\u00f3n como inundable, la afecci\u00f3n que generar\u00e1 el proyecto, hacia las zonas litorales actualmente con riesgo significativo de inundaci\u00f3n, y la instalaci\u00f3n masiva de placas solares podr\u00eda modificar negativamente la escorrent\u00eda superficial, compactar el suelo y desmantelar redes de drenaje tradicionales como las acequias, elementos clave en la regulaci\u00f3n h\u00eddrica local.<\/p>\n\n\n\n<p>La metodolog\u00eda incluye una revisi\u00f3n bibliogr\u00e1fica de estudios internacionales, an\u00e1lisis hidrol\u00f3gicos simplificados y una valoraci\u00f3n cualitativa de impactos basada en la matriz de Leopold. El resultado principal es una estimaci\u00f3n de <strong>incremento del 18,6 % en la escorrent\u00eda superficial<\/strong>, lo cual <strong>supone un aumento relevante del riesgo para la poblaci\u00f3n en escenarios de lluvias torrenciales cada vez m\u00e1s frecuentes e intensas debido al cambio clim\u00e1tico.<\/strong><\/p>\n\n\n\n<p>Adem\u00e1s, el estudio alerta sobre un posible <strong>fraude de ley por fragmentaci\u00f3n intencionada<\/strong> del proyecto para evitar tr\u00e1mites m\u00e1s rigurosos, y expone que el dise\u00f1o y emplazamiento vulneran normativa auton\u00f3mica en materia de ordenaci\u00f3n del territorio y cambio clim\u00e1tico.<\/p>\n\n\n\n<p><strong>Como alternativa, se proponen ubicaciones ya urbanizadas<\/strong> (<strong>cubiertas industriales, \u00e1reas comerciales, parkings y zonas log\u00edsticas portuarias<\/strong>) <strong>o degradadas<\/strong> (<strong>canteras, cubiertas, zonas de protecci\u00f3n anexas a autopistas y ferrocarril<\/strong>) <strong>-adem\u00e1s de las cubiertas de la propia giga factor\u00eda y parque de proveedores<\/strong>&#8211; para evitar la ocupaci\u00f3n de suelo f\u00e9rtil y reducir los impactos ambientales y sociales del proyecto.<\/p>\n\n\n\n<p>Este <strong>Estudio de alternativas<\/strong>, que ya fue presentado por la Plataforma ante el ayuntamiento de Sagunt y la Generalitat Valenciana en octubre de 2023, <strong>es fiel a las ubicaciones prioritarias que marca la propia normativa auton\u00f3mica y la consecuci\u00f3n de un cambio a una econom\u00eda (verdaderamente) sostenible<\/strong>, por lo que se espera por su parte que se <strong>adopten todas las medidas necesarias para la protecci\u00f3n de Montiber, Almard\u00e0 y Canet d\u2019En Berenguer.<\/strong><\/p>\n\n\n\n<figure class=\"wp-block-embed is-type-wp-embed is-provider-ubicaci-racional-de-les-energies-renovables wp-block-embed-ubicaci-racional-de-les-energies-renovables\"><div class=\"wp-block-embed__wrapper\">\n<blockquote class=\"wp-embedded-content\" data-secret=\"3nGmjQaEGQ\"><a href=\"https:\/\/ubiracional.org\/val\/propuesta-de-implantacion-de-centrales-fotovoltaicas-en-sagunto\/\">Proposta d\u2019implantaci\u00f3 de centrals fotovoltaiques a Sagunt<\/a><\/blockquote><iframe loading=\"lazy\" class=\"wp-embedded-content\" sandbox=\"allow-scripts\" security=\"restricted\" style=\"position: absolute; visibility: hidden;\" title=\"&#8220;Propuesta de implantaci\u00f3n de centrales fotovoltaicas en Sagunto&#8221; &#8212; Ubicaci\u00f3 racional de les energies renovables\" src=\"https:\/\/ubiracional.org\/propuesta-de-implantacion-de-centrales-fotovoltaicas-en-sagunto\/embed\/#?secret=Qy8xO4FkBJ#?secret=3nGmjQaEGQ\" data-secret=\"3nGmjQaEGQ\" width=\"500\" height=\"282\" frameborder=\"0\" marginwidth=\"0\" marginheight=\"0\" scrolling=\"no\"><\/iframe>\n<\/div><\/figure>\n\n\n\n<p>\u26a0\ufe0f <strong>Macro planta fotovoltaica de Volkswagen en Mont\u00edber: m\u00e1s peligros que soluciones<\/strong><\/p>\n\n\n\n<p>\ud83d\udccc <strong>\u00bfQu\u00e9 se quiere hacer?<\/strong><\/p>\n\n\n\n<p>Iberdrola planea construir <strong>una planta solar gigante<\/strong> en Mont\u00edber (Sagunto), con 318.000 paneles solares sobre <strong>270 hect\u00e1reas de huerta con naranjos<\/strong>, para abastecer de energ\u00eda a la gigafactor\u00eda de bater\u00edas de Volkswagen.<\/p>\n\n\n\n<p>\ud83c\udf27 <strong>\u00bfCu\u00e1l es el problema?<\/strong><\/p>\n\n\n\n<p>Seg\u00fan un informe t\u00e9cnico de <strong>Acci\u00f3 Ecologista-Agr\u00f3<\/strong>, el proyecto:<\/p>\n\n\n\n<ul class=\"wp-block-list\">\n<li><strong>Aumentar\u00e1 la escorrent\u00eda superficial en un 18,6<\/strong><strong>\u202f<\/strong><strong>%<\/strong><\/li>\n\n\n\n<li><strong>Elevar\u00e1 el riesgo de inundaciones<\/strong> en Almard\u00e0 y Canet d\u2019En Berenguer<\/li>\n\n\n\n<li><strong>Eliminar\u00e1 acequias tradicionales<\/strong> clave para el drenaje<\/li>\n\n\n\n<li><strong>Destruir\u00e1 suelo agr\u00edcola f\u00e9rtil<\/strong> de forma irreversible<\/li>\n<\/ul>\n\n\n\n<p>\u274c <strong>Otros impactos negativos<\/strong><\/p>\n\n\n\n<ul class=\"wp-block-list\">\n<li>Afectaci\u00f3n a la fauna, aves migratorias y corredores ecol\u00f3gicos<\/li>\n\n\n\n<li>Alteraci\u00f3n del paisaje mediterr\u00e1neo tradicional<\/li>\n\n\n\n<li>Compactaci\u00f3n del suelo y erosi\u00f3n<\/li>\n\n\n\n<li>Posible <strong>fraude legal<\/strong> al fragmentar el proyecto para evitar controles ambientales<\/li>\n<\/ul>\n\n\n\n<p>\u2705 <strong>\u00bfQu\u00e9 alternativas existen?<\/strong><\/p>\n\n\n\n<p>La ciudadan\u00eda organizada propone:<\/p>\n\n\n\n<ul class=\"wp-block-list\">\n<li>Utilizar <strong>tejados industriales, zonas portuarias, aparcamientos o terrenos degradados<\/strong><\/li>\n\n\n\n<li>Crear una <strong>comunidad energ\u00e9tica<\/strong> que incluya a la ciudadan\u00eda y empresas<\/li>\n\n\n\n<li>Promover un modelo energ\u00e9tico respetuoso con el medio ambiente y el territorio<\/li>\n<\/ul>\n\n\n\n<p>\u270b <strong>\u00bfQu\u00e9 se reclama?<\/strong><\/p>\n\n\n\n<ul class=\"wp-block-list\">\n<li><strong>Paralizar el proyecto actual<\/strong><\/li>\n\n\n\n<li>Buscar <strong>alternativas legales y sostenibles<\/strong><\/li>\n\n\n\n<li>Que Generalitat y Ayuntamiento escuchen a <strong>los vecinos y agricultores afectados<\/strong><\/li>\n<\/ul>\n\n\n\n<p><strong>M\u00e1s informaci\u00f3n:<\/strong><br>\ud83d\udc49 <a href=\"https:\/\/www.instagram.com\/defensadelterritori_cdm\/\">https:\/\/www.instagram.com\/defensadelterritori_cdm\/<\/a><\/p>\n\n\n\n<p>\ud83d\udc49 accioecologista-agro.org<br>\ud83d\udce7 agro@accioecologista-agro.org<br>\ud83d\udccd Camp de Morvedre<\/p>\n\n\n\n<p><\/p>\n\n\n\n<p>\/\/\/\/\/\/\/\/\/\/\/\/\/\/\/\/\/\/\/\/\/\/\/\/\/\/\/\/\/\/\/\/\/\/\/\/\/\/\/\/\/\/\/\/\/\/\/\/\/\/\/\/\/\/\/\/\/\/\/\/\/\/\/\/\/\/\/\/\/\/\/\/\/\/\/\/\/\/\/\/\/\/\/\/\/\/\/\/\/\/\/\/\/\/\/\/\/\/\/\/<\/p>\n\n\n\n<p><\/p>\n\n\n\n<p><strong>Les dades de l&#8217;estudi preliminar<\/strong>, elaborat per la Plataforma en Defensa del Territori del CdM i Acci\u00f3 Ecologista-Agr\u00f3, que analitza els impactes ambientals derivats de la implantaci\u00f3 de tres plantes fotovoltaiques \u2014Navel, Sagueta i Clementina\u2014 en la partida de Mont\u00edber (Sagunt), <strong>s\u00f3n inquietants per al risc d&#8217;inundacions sobre el front litoral afectat.<\/strong><\/p>\n\n\n\n<p>El projecte en el context del desenrotllament energ\u00e8tic <strong>associat a la gigafactoria de bateries de Volkswagen, promogut per empreses del grup Iberdrola<\/strong> i tramitat com a Projecte Territorial Estrat\u00e8gic (PTE), afectar\u00e0 270 hect\u00e0rees de s\u00f2l agr\u00edcola d&#8217;alt valor agrol\u00f2gic actualment cultivat amb tarongers. La ubicaci\u00f3 proposada ha generat gran controv\u00e8rsia social i oposici\u00f3 ciutadana a causa dels potencials impactes ambientals i riscos associats.<\/p>\n\n\n\n<p>Un dels aspectes m\u00e9s cr\u00edtics assenyalats en l&#8217;estudi \u00e9s l&#8217;increment del risc d&#8217;inundaci\u00f3 en els nuclis urbans pr\u00f2xims de Almard\u00e0 i Canet d&#8217;en Berenguer. Encara que la cartografia oficial no marca expl\u00edcitament la zona d&#8217;implantaci\u00f3 com a inundable, l&#8217;afecci\u00f3 que generar\u00e0 el projecte, cap a les zones litorals actualment amb risc significatiu d&#8217;inundaci\u00f3, i la instal\u00b7laci\u00f3 massiva de plaques solars podria modificar negativament l&#8217;escorrentia superficial, compactar el s\u00f2l i desmantellar xarxes de drenatge tradicionals com les s\u00e9quies, elements clau en la regulaci\u00f3 h\u00eddrica local.<\/p>\n\n\n\n<p>La metodologia inclou una revisi\u00f3 bibliogr\u00e0fica d&#8217;estudis internacionals, an\u00e0lisis hidrol\u00f2giques simplificades i una valoraci\u00f3 qualitativa d&#8217;impactes basada en la matriu de Leopold. El resultat principal \u00e9s una estimaci\u00f3 <strong>d&#8217;increment del 18,6% en l&#8217;escorrentia superficial<\/strong>, la qual cosa <strong>suposa un augment rellevant del risc per a la poblaci\u00f3 en escenaris de pluges torrencials cada vegada m\u00e9s freq\u00fcents i intenses a causa del canvi clim\u00e0tic<\/strong>.<\/p>\n\n\n\n<p>A m\u00e9s, l&#8217;estudi alerta sobre un possible frau de llei per fragmentaci\u00f3 intencionada del projecte per a evitar tr\u00e0mits m\u00e9s rigorosos, i exposa que el disseny i empla\u00e7ament vulneren normativa auton\u00f2mica en mat\u00e8ria d&#8217;ordenaci\u00f3 del territori i canvi clim\u00e0tic.<\/p>\n\n\n\n<p>Com a <strong>alternativa, es proposen ubicacions ja urbanitzades<\/strong> (<strong>cobertes industrials, \u00e0rees comercials, p\u00e0rquings i zones log\u00edstiques portu\u00e0ries<\/strong>) <strong>o degradades<\/strong> (<strong>pedreres, cobertes, zones de protecci\u00f3 annexes a autopistes i ferrocarril<\/strong>) -a m\u00e9s de les cobertes de la pr\u00f2pia giga factoria i parc de prove\u00efdors- per a evitar l&#8217;ocupaci\u00f3 de s\u00f2l f\u00e8rtil i reduir els impactes ambientals i socials del projecte.<\/p>\n\n\n\n<p>Este <strong>Estudi d&#8217;alternatives<\/strong>, que ja va ser presentat per la Plataforma davant l&#8217;ajuntament de Sagunt i la Generalitat Valenciana a l&#8217;octubre de 2023, <strong>\u00e9s fidel a les ubicacions priorit\u00e0ries que marca la pr\u00f2pia normativa auton\u00f2mica i la consecuci\u00f3 d&#8217;un canvi a una economia (verdaderament) sostenible<\/strong>, per la qual cosa s&#8217;espera per la seua part que <strong>s&#8217;adopten totes les mesures necess\u00e0ries per a la protecci\u00f3 de Montiber, Almard\u00e0 i Canet d&#8217;en Berenguer.<\/strong><\/p>\n\n\n\n<figure class=\"wp-block-embed is-type-wp-embed is-provider-ubicaci-racional-de-les-energies-renovables wp-block-embed-ubicaci-racional-de-les-energies-renovables\"><div class=\"wp-block-embed__wrapper\">\n<blockquote class=\"wp-embedded-content\" data-secret=\"3nGmjQaEGQ\"><a href=\"https:\/\/ubiracional.org\/val\/propuesta-de-implantacion-de-centrales-fotovoltaicas-en-sagunto\/\">Proposta d\u2019implantaci\u00f3 de centrals fotovoltaiques a Sagunt<\/a><\/blockquote><iframe loading=\"lazy\" class=\"wp-embedded-content\" sandbox=\"allow-scripts\" security=\"restricted\" style=\"position: absolute; visibility: hidden;\" title=\"&#8220;Propuesta de implantaci\u00f3n de centrales fotovoltaicas en Sagunto&#8221; &#8212; Ubicaci\u00f3 racional de les energies renovables\" src=\"https:\/\/ubiracional.org\/propuesta-de-implantacion-de-centrales-fotovoltaicas-en-sagunto\/embed\/#?secret=Qy8xO4FkBJ#?secret=3nGmjQaEGQ\" data-secret=\"3nGmjQaEGQ\" width=\"500\" height=\"282\" frameborder=\"0\" marginwidth=\"0\" marginheight=\"0\" scrolling=\"no\"><\/iframe>\n<\/div><\/figure>\n\n\n\n<p>\u2757 <strong>Macroplanta fotovoltaica del Volkswagen a Mont\u00edber: m\u00e9s riscos que solucions<\/strong><\/p>\n\n\n\n<p>\ud83d\udccd <strong>Qu\u00e8 es vol fer?<\/strong><\/p>\n\n\n\n<p><strong>Iberdrola pret\u00e9n instal\u00b7lar una planta fotovoltaica gegantina<\/strong> de 318.000 plaques solars a Mont\u00edber (Sagunt), ocupant <strong>270 hect\u00e0rees<\/strong> de camps de tarongers. El projecte dona suport energ\u00e8tic a la gigafactoria de Volkswagen.<\/p>\n\n\n\n<p>\ud83c\udf27 <strong>Quin \u00e9s el problema?<\/strong><\/p>\n\n\n\n<p>Segons un <strong>estudi d\u2019Inundabilitat<\/strong> sol.licitat per la <strong>Plataforma en Defensa del Territori del CdM i<\/strong> <strong>Acci\u00f3 Ecologista-Agr\u00f3<\/strong>, aquest projecte:<\/p>\n\n\n\n<ul class=\"wp-block-list\">\n<li><strong>Augmentaria un 18,6<\/strong><strong>\u202f<\/strong><strong>% l<\/strong><strong>\u2019<\/strong><strong>escorrentia superficial<\/strong><\/li>\n\n\n\n<li><strong>Multiplicaria el risc d\u2019inundaci\u00f3 a Almard\u00e0 i Canet d\u2019En Berenguer<\/strong><\/li>\n\n\n\n<li><strong>Destruiria s\u00e9quies hist\u00f2riques<\/strong> i zones d\u2019equilibri hidrol\u00f2gic<\/li>\n\n\n\n<li><strong>Eliminaria s\u00f2l agr\u00edcola del m\u00e9s alt valor<\/strong> de manera irreversible<\/li>\n<\/ul>\n\n\n\n<p>\ud83d\udcc9 <strong>Quins altres impactes tindria?<\/strong><\/p>\n\n\n\n<ul class=\"wp-block-list\">\n<li>Afectaci\u00f3 a la biodiversitat i corredors ecol\u00f2gics<\/li>\n\n\n\n<li>Canvis en el microclima i p\u00e8rdua de paisatge tradicional<\/li>\n\n\n\n<li>Erosi\u00f3 del s\u00f2l i compactaci\u00f3<\/li>\n\n\n\n<li>Possible <strong>frau de llei<\/strong> per fragmentar el projecte i evitar controls ambientals<\/li>\n<\/ul>\n\n\n\n<p>\ud83c\udf31 <strong>Quines alternatives hi ha?<\/strong><\/p>\n\n\n\n<p>La plataforma ciutadana proposa:<\/p>\n\n\n\n<ul class=\"wp-block-list\">\n<li>Utilitzar <strong>cobertes industrials, zones portu\u00e0ries i comercials, p\u00e0rkings i altres espais degradats<\/strong><\/li>\n\n\n\n<li>Crear una <strong>comunitat energ\u00e9tica industrial<\/strong> local amb consens social<\/li>\n\n\n\n<li>Apostar per una <strong>transici\u00f3 energ\u00e8tica realment sostenible<\/strong><\/li>\n<\/ul>\n\n\n\n<p>\ud83d\uded1 <strong>Qu\u00e8 demanem?<\/strong><\/p>\n\n\n\n<ul class=\"wp-block-list\">\n<li>Que <strong>s\u2019ature el projecte del Volkswagen i Iberdrola a Mont\u00edber<\/strong><\/li>\n\n\n\n<li>Que es treballe amb les <strong>alternatives sense impacte ambiental greu<\/strong><\/li>\n\n\n\n<li>Que la Generalitat i l\u2019Ajuntament escolten <strong>les ve\u00efnes i els agricultors<\/strong><\/li>\n<\/ul>\n\n\n\n<p><strong>M\u00e9s informaci\u00f3:<\/strong><br>\ud83d\udc49 <a href=\"https:\/\/www.instagram.com\/defensadelterritori_cdm\/\">https:\/\/www.instagram.com\/defensadelterritori_cdm\/<\/a><\/p>\n\n\n\n<p>\ud83d\udc49 accioecologista-agro.org<br>\ud83d\udce7 agro@accioecologista-agro.org<br>\ud83d\udccd Camp de Morvedre<\/p>","protected":false},"excerpt":{"rendered":"<p>Los datos del estudio preliminar, elaborado por la Plataforma en Defensa del Territorio del CdM y Acci\u00f3 Ecologista-Agr\u00f3, que analiza los impactos ambientales derivados de la implantaci\u00f3n de tres plantas [&hellip;]<\/p>","protected":false},"author":1,"featured_media":1031,"comment_status":"open","ping_status":"open","sticky":false,"template":"","format":"standard","meta":{"_EventAllDay":false,"_EventTimezone":"","_EventStartDate":"","_EventEndDate":"","_EventStartDateUTC":"","_EventEndDateUTC":"","_EventShowMap":false,"_EventShowMapLink":false,"_EventURL":"","_EventCost":"","_EventCostDescription":"","_EventCurrencySymbol":"","_EventCurrencyCode":"","_EventCurrencyPosition":"","_EventDateTimeSeparator":"","_EventTimeRangeSeparator":"","_EventOrganizerID":[],"_EventVenueID":[],"_OrganizerEmail":"","_OrganizerPhone":"","_OrganizerWebsite":"","_VenueAddress":"","_VenueCity":"","_VenueCountry":"","_VenueProvince":"","_VenueState":"","_VenueZip":"","_VenuePhone":"","_VenueURL":"","_VenueStateProvince":"","_VenueLat":"","_VenueLng":"","_VenueShowMap":false,"_VenueShowMapLink":false,"footnotes":""},"categories":[1],"tags":[],"class_list":["post-1018","post","type-post","status-publish","format-standard","has-post-thumbnail","hentry","category-transicion-energetica"],"_links":{"self":[{"href":"https:\/\/ubiracional.org\/val\/wp-json\/wp\/v2\/posts\/1018","targetHints":{"allow":["GET"]}}],"collection":[{"href":"https:\/\/ubiracional.org\/val\/wp-json\/wp\/v2\/posts"}],"about":[{"href":"https:\/\/ubiracional.org\/val\/wp-json\/wp\/v2\/types\/post"}],"author":[{"embeddable":true,"href":"https:\/\/ubiracional.org\/val\/wp-json\/wp\/v2\/users\/1"}],"replies":[{"embeddable":true,"href":"https:\/\/ubiracional.org\/val\/wp-json\/wp\/v2\/comments?post=1018"}],"version-history":[{"count":3,"href":"https:\/\/ubiracional.org\/val\/wp-json\/wp\/v2\/posts\/1018\/revisions"}],"predecessor-version":[{"id":1035,"href":"https:\/\/ubiracional.org\/val\/wp-json\/wp\/v2\/posts\/1018\/revisions\/1035"}],"wp:featuredmedia":[{"embeddable":true,"href":"https:\/\/ubiracional.org\/val\/wp-json\/wp\/v2\/media\/1031"}],"wp:attachment":[{"href":"https:\/\/ubiracional.org\/val\/wp-json\/wp\/v2\/media?parent=1018"}],"wp:term":[{"taxonomy":"category","embeddable":true,"href":"https:\/\/ubiracional.org\/val\/wp-json\/wp\/v2\/categories?post=1018"},{"taxonomy":"post_tag","embeddable":true,"href":"https:\/\/ubiracional.org\/val\/wp-json\/wp\/v2\/tags?post=1018"}],"curies":[{"name":"wp","href":"https:\/\/api.w.org\/{rel}","templated":true}]}}