{"id":123,"date":"2022-11-30T13:26:32","date_gmt":"2022-11-30T13:26:32","guid":{"rendered":"http:\/\/ubiracional.org\/?p=123"},"modified":"2023-01-16T13:26:13","modified_gmt":"2023-01-16T13:26:13","slug":"nos-unimos","status":"publish","type":"post","link":"https:\/\/ubiracional.org\/val\/nos-unimos\/","title":{"rendered":"Nos unimos por la ubicaci\u00f3n racional y sostenible de las energ\u00edas renovables"},"content":{"rendered":"<p>En un momento en que el recibo de la luz est\u00e1 disparado y el modelo energ\u00e9tico y el\u00e9ctrico en proceso de cambio por la inevitable y necesaria disminuci\u00f3n del uso de combustibles f\u00f3siles, tenemos la oportunidad hist\u00f3rica para democratizar el acceso a la energ\u00eda y caminar hacia un nuevo modelo real y sostenible de transici\u00f3n energ\u00e9tica.<\/p>\n\n\n\n<p>El modelo centralizado para las energ\u00edas renovables que se est\u00e1 impulsando actualmente, basado mayoritariamente en los macroproyectos fotovoltaicos y e\u00f3licos, alejado de las zonas urbanas y de consumo, pone una vez m\u00e1s la energ\u00eda en las manos de las grandes empresas, necesitando adem\u00e1s para su distribuci\u00f3n grandes l\u00edneas de evacuaci\u00f3n con gran impacto sobre los territorios que transita y la inevitable p\u00e9rdida de energ\u00eda en su transporte y transformaci\u00f3n.<\/p>\n\n\n\n<p>Muchos de los parques fotovoltaicos est\u00e1n proyectados en suelos de alto valor agr\u00edcola, cuyo concepto choca frontalmente con los objetivos de conservar, mejorar y proteger un sector fundamental para la vida y la sostenibilidad como es la agricultura, que ya est\u00e1 sometida a muchas presiones negativas. Es necesario preservar y potenciar el rico mosaico agrario valenciano y los paisajes ancestrales que hemos heredado como fuente de sostenibilidad ambiental, social y econ\u00f3mica de presente y de futuro, m\u00e1s con la perspectiva de cambio clim\u00e1tico en la que nos encontramos. En este sentido, las instalaciones renovables de peque\u00f1o tama\u00f1o tienen el potencial de integrarse en dichos espacios.<\/p>\n\n\n\n<p>Los parques e\u00f3licos se promueven sobre todo en la parte alta de las monta\u00f1as y sierras del interior, con poblaciones mermadas y en continuo proceso de despoblaci\u00f3n, multiplicando los impactos paisaj\u00edsticos, generando graves problemas en la fauna y flora y contribuyendo directamente a la degradaci\u00f3n del suelo en todo el proceso de construcci\u00f3n. Dichos impactos dificultar\u00e1n los necesarios procesos de repoblaci\u00f3n por la p\u00e9rdida de calidad de vida. Es fundamental tener en cuenta los equilibrios territoriales.<\/p>\n\n\n\n<p>Al margen de los grandes impactos ambientales, agr\u00edcolas, paisaj\u00edsticos y socioecon\u00f3micos, es un contrasentido que estas infraestructuras se ubiquen lejos de donde se consume la mayor parte de la energ\u00eda: las grandes ciudades y las industrias y empresas de servicios, situadas mayoritariamente en las \u00e1reas litorales. Es en estas zonas donde hay posibilidad de aprovechar pol\u00edgonos industriales (muchas veces sobredimensionados) y \u00e1reas periurbanas degradadas, para instalar equipamientos energ\u00e9ticos en el lugar que se consume la energ\u00eda, incluyendo escolleras y puertos, urbanizaciones, p\u00e9rgolas y techos de edificios -p\u00fablicos y privados- y solares sin uso.&nbsp;<\/p>\n\n\n\n<p>Si se favorece y se deja en manos de grandes empresas y fondos de inversi\u00f3n la propuesta de desarrollo de las nuevas instalaciones de EERR, es evidente que estas huir\u00e1n del suelo urbano buscando suelos m\u00e1s baratos para maximizar beneficios. De esta manera se produce una situaci\u00f3n de desventaja frente a quienes pretendan arrendar o adquirir tierras agr\u00edcolas para su vocaci\u00f3n tradicional, el cultivo; ya que dif\u00edcilmente podr\u00e1n competir con estas empresas.&nbsp;<\/p>\n\n\n\n<p>Es necesario que las diputaciones y ayuntamientos lideren la implantaci\u00f3n de comunidades energ\u00e9ticas locales (CEL) o las comunidades energ\u00e9ticas de renovables (CER) que contribuyan a la democratizaci\u00f3n de la energ\u00eda y el consumo de proximidad potenciando la implicaci\u00f3n social.<br><br>Por todo ello, las organizaciones y grupos del territorio valenciano abajo firmantes:<\/p>\n\n\n\n<p>Pedimos la urgente y necesaria paralizaci\u00f3n del modelo planteado por el Ministerio para la Transici\u00f3n Ecol\u00f3gica y el Reto Demogr\u00e1fico y por el Decreto Ley 14\/2020 del Gobierno Valenciano, hasta que se priorice una transici\u00f3n energ\u00e9tica basada en el ahorro, el respeto a los ecosistemas y los territorios de interior, la eficiencia energ\u00e9tica, las comunidades energ\u00e9ticas locales y de renovables (CEL y CER) y el autoconsumo, rechazando el modelo propuesto de renovables a gran escala que incentiva la burbuja especulativa y el desv\u00edo de fondos europeos, sin planificaci\u00f3n territorial, sin participaci\u00f3n ciudadana, mayoritariamente en manos de grandes empresas y fondos de inversi\u00f3n, y alejado de donde se demanda la mayor parte de la energ\u00eda consumida.<\/p>\n\n\n\n<p>Asociaciones firmantes: Acci\u00f3 Ecologista Agr\u00f3, Adene Enguera, Agrupaci\u00f3n de Asociaciones Salvemos Brihuela, Asociaci\u00f3n Alborem Acci\u00f3n (Alborache), Asociaci\u00f3n Amigos de La Mateba, Asociaci\u00f3n de la Sierra de Chella, Asociaci\u00f3n Naturalista de Ayora y La Valle (ANAV), Asociaci\u00f3n de vecinos de Salinas, Associaci\u00f3 en defensa del Mass\u00eds del Buscarr\u00f3, Associaci\u00f3 per la Defensa del Territori i Medi Ambient d\u00b4Aielo de Malferit, Associaci\u00f3 Local Renovables i Sostenibles Alcal\u00e0 de Xivert-Alcossebre (A.L.S.A.), Associaci\u00f3 per la Recuperaci\u00f3 de la Tinen\u00e7a, CNT Valencia, Col.lectiu Cresol, de Beneixama, Colla Ecologista l&#8217;Arrel (Ontinyent), Ecologistas en Acci\u00f3n-La Serran\u00eda, Federaci\u00f3 Local de Valencia de la CGT, GAMM (Grup d&#8217;Acci\u00f3 Medioambiental del Marquesat), Grup de Voluntariat Mediambiental d&#8217;Aielo de Malferit, Intersindical Valenciana, Maestrat Viu, Montesa Territori Viu, Natura i Gent (Castalla), Parotets Sociedad Odonatol\u00f3gica de la Comunidad Valenciana (S.O.C.V), Periferies, Plataforma Aire Limpio la Hoya de Bu\u00f1ol-Chiva, Plataforma La Canal Verde, Plataforma No a la MAT-Comarques de Castell\u00f3, Plataforma para el Estudio y Conservaci\u00f3n de la Sierra de Chiva-ALIENTE, Plataforma por los Paisajes de Teruel, Plataforma Salvem Cairent d\u00b4Aielo de Malferit, Plataforma Salvemos Farraj\u00f3n de Bu\u00f1ol, Plataforma Sol Sostenible de Mon\u00f2ver: per una transici\u00f3 energ\u00e8tica justa, Plataforma Utiel-Requena Sostenible, Salvatierra E e A Villena, Societat de Productors i Viticultors Terres dels Alforins, Serran\u00eda es futuro, Societat Valenciana d&#8217;Ornitologia (SVO)<\/p>","protected":false},"excerpt":{"rendered":"<p>En un momento en que el recibo de la luz est\u00e1 disparado y el modelo energ\u00e9tico y el\u00e9ctrico en proceso de cambio por la inevitable y necesaria disminuci\u00f3n del uso [&hellip;]<\/p>","protected":false},"author":1,"featured_media":112,"comment_status":"closed","ping_status":"closed","sticky":false,"template":"","format":"standard","meta":{"_EventAllDay":false,"_EventTimezone":"","_EventStartDate":"","_EventEndDate":"","_EventStartDateUTC":"","_EventEndDateUTC":"","_EventShowMap":false,"_EventShowMapLink":false,"_EventURL":"","_EventCost":"","_EventCostDescription":"","_EventCurrencySymbol":"","_EventCurrencyCode":"","_EventCurrencyPosition":"","_EventDateTimeSeparator":"","_EventTimeRangeSeparator":"","_EventOrganizerID":[],"_EventVenueID":[],"_OrganizerEmail":"","_OrganizerPhone":"","_OrganizerWebsite":"","_VenueAddress":"","_VenueCity":"","_VenueCountry":"","_VenueProvince":"","_VenueState":"","_VenueZip":"","_VenuePhone":"","_VenueURL":"","_VenueStateProvince":"","_VenueLat":"","_VenueLng":"","_VenueShowMap":false,"_VenueShowMapLink":false,"footnotes":""},"categories":[1],"tags":[],"class_list":["post-123","post","type-post","status-publish","format-standard","has-post-thumbnail","hentry","category-transicion-energetica"],"_links":{"self":[{"href":"https:\/\/ubiracional.org\/val\/wp-json\/wp\/v2\/posts\/123","targetHints":{"allow":["GET"]}}],"collection":[{"href":"https:\/\/ubiracional.org\/val\/wp-json\/wp\/v2\/posts"}],"about":[{"href":"https:\/\/ubiracional.org\/val\/wp-json\/wp\/v2\/types\/post"}],"author":[{"embeddable":true,"href":"https:\/\/ubiracional.org\/val\/wp-json\/wp\/v2\/users\/1"}],"replies":[{"embeddable":true,"href":"https:\/\/ubiracional.org\/val\/wp-json\/wp\/v2\/comments?post=123"}],"version-history":[{"count":3,"href":"https:\/\/ubiracional.org\/val\/wp-json\/wp\/v2\/posts\/123\/revisions"}],"predecessor-version":[{"id":133,"href":"https:\/\/ubiracional.org\/val\/wp-json\/wp\/v2\/posts\/123\/revisions\/133"}],"wp:featuredmedia":[{"embeddable":true,"href":"https:\/\/ubiracional.org\/val\/wp-json\/wp\/v2\/media\/112"}],"wp:attachment":[{"href":"https:\/\/ubiracional.org\/val\/wp-json\/wp\/v2\/media?parent=123"}],"wp:term":[{"taxonomy":"category","embeddable":true,"href":"https:\/\/ubiracional.org\/val\/wp-json\/wp\/v2\/categories?post=123"},{"taxonomy":"post_tag","embeddable":true,"href":"https:\/\/ubiracional.org\/val\/wp-json\/wp\/v2\/tags?post=123"}],"curies":[{"name":"wp","href":"https:\/\/api.w.org\/{rel}","templated":true}]}}