{"id":137,"date":"2022-12-01T11:25:00","date_gmt":"2022-12-01T11:25:00","guid":{"rendered":"http:\/\/ubiracional.org\/?p=137"},"modified":"2022-12-01T11:38:24","modified_gmt":"2022-12-01T11:38:24","slug":"clamor-en-madrid-por-una-transicion-energetica-que-beneficie-a-las-personas","status":"publish","type":"post","link":"https:\/\/ubiracional.org\/val\/clamor-en-madrid-por-una-transicion-energetica-que-beneficie-a-las-personas\/","title":{"rendered":"Clamor en Madrid por una transici\u00f3n energ\u00e9tica que beneficie a las personas"},"content":{"rendered":"<p>Las organizaciones y grupos del territorio valenciano abajo firmantes, apoyan la manifestaci\u00f3n propuesta por ALIENTE (Alianza energ\u00eda y territorio) para el d\u00eda 16 de octubre a las 17h en Madrid.<\/p>\n\n\n\n<figure class=\"wp-block-image size-large\"><img loading=\"lazy\" decoding=\"async\" width=\"724\" height=\"1024\" src=\"http:\/\/ubiracional.org\/wp-content\/uploads\/2022\/12\/cartel-aliente-val-con-info-1-724x1024.jpg\" alt=\"\" class=\"wp-image-143\" srcset=\"https:\/\/ubiracional.org\/wp-content\/uploads\/2022\/12\/cartel-aliente-val-con-info-1-724x1024.jpg 724w, https:\/\/ubiracional.org\/wp-content\/uploads\/2022\/12\/cartel-aliente-val-con-info-1-212x300.jpg 212w, https:\/\/ubiracional.org\/wp-content\/uploads\/2022\/12\/cartel-aliente-val-con-info-1-768x1086.jpg 768w, https:\/\/ubiracional.org\/wp-content\/uploads\/2022\/12\/cartel-aliente-val-con-info-1-1086x1536.jpg 1086w, https:\/\/ubiracional.org\/wp-content\/uploads\/2022\/12\/cartel-aliente-val-con-info-1.jpg 1200w\" sizes=\"auto, (max-width: 724px) 100vw, 724px\" \/><\/figure>\n\n\n\n<p>Acci\u00f3 Ecologista Agr\u00f3, Adene Enguera, Agrupaci\u00f3n de Asociaciones Salvemos Brihuela, Asociaci\u00f3n Alborem Acci\u00f3n (Alborache), Asociaci\u00f3n Amigos de La Mateba, Asociaci\u00f3n de la Sierra de Chella, Asociaci\u00f3n Naturalista de Ayora y La Valle (ANAV), Asociaci\u00f3n de vecinos de Salinas, Associaci\u00f3 en defensa del Mass\u00eds del Buscarr\u00f3, Associaci\u00f3 per la Defensa del Territori i Medi Ambient d\u00b4Aielo de Malferit, Associaci\u00f3 Local Renovables i Sostenibles Alcal\u00e0 de Xivert-Alcossebre (A.L.S.A.), Associaci\u00f3 per la Recuperaci\u00f3 de la Tinen\u00e7a, CNT Valencia, Col.lectiu Cresol, de Beneixama, Colla Ecologista l&#8217;Arrel (Ontinyent), Ecologistas en Acci\u00f3n-La Serran\u00eda, Federaci\u00f3 Local de Valencia de la CGT, GAMM (Grup d&#8217;Acci\u00f3 Medioambiental del Marquesat), Grup de Voluntariat Mediambiental d&#8217;Aielo de Malferit, Intersindical Valenciana, Maestrat Viu, Montesa Territori Viu, Natura i Gent (Castalla), Parotets Sociedad Odonatol\u00f3gica de la Comunidad Valenciana (S.O.C.V), Periferies, Plataforma Aire Limpio la Hoya de Bu\u00f1ol-Chiva, Plataforma La Canal Verde, Plataforma No a la MAT-Comarques de Castell\u00f3, Plataforma para el Estudio y Conservaci\u00f3n de la Sierra de Chiva-ALIENTE, Plataforma por los Paisajes de Teruel, Plataforma Salvem Cairent d\u00b4Aielo de Malferit, Plataforma Salvemos Farraj\u00f3n de Bu\u00f1ol, Plataforma Sol Sostenible de Mon\u00f2ver: per una transici\u00f3 energ\u00e8tica justa, Plataforma Utiel-Requena Sostenible, Salvatierra E e A Villena, Societat de Productors i Viticultors Terres dels Alforins, Serran\u00eda es futuro, Societat Valenciana d&#8217;Ornitologia (SVO)<\/p>\n\n\n\n<p>M\u00e1s informaci\u00f3n en <a href=\"http:\/\/aliente.org\">aliente.org<\/a><\/p>","protected":false},"excerpt":{"rendered":"<p>Las organizaciones y grupos del territorio valenciano abajo firmantes, apoyan la manifestaci\u00f3n propuesta por ALIENTE (Alianza energ\u00eda y territorio) para el d\u00eda 16 de octubre a las 17h en Madrid. [&hellip;]<\/p>","protected":false},"author":1,"featured_media":145,"comment_status":"open","ping_status":"open","sticky":false,"template":"","format":"standard","meta":{"_EventAllDay":false,"_EventTimezone":"","_EventStartDate":"","_EventEndDate":"","_EventStartDateUTC":"","_EventEndDateUTC":"","_EventShowMap":false,"_EventShowMapLink":false,"_EventURL":"","_EventCost":"","_EventCostDescription":"","_EventCurrencySymbol":"","_EventCurrencyCode":"","_EventCurrencyPosition":"","_EventDateTimeSeparator":"","_EventTimeRangeSeparator":"","_EventOrganizerID":[],"_EventVenueID":[],"_OrganizerEmail":"","_OrganizerPhone":"","_OrganizerWebsite":"","_VenueAddress":"","_VenueCity":"","_VenueCountry":"","_VenueProvince":"","_VenueState":"","_VenueZip":"","_VenuePhone":"","_VenueURL":"","_VenueStateProvince":"","_VenueLat":"","_VenueLng":"","_VenueShowMap":false,"_VenueShowMapLink":false,"footnotes":""},"categories":[1],"tags":[],"class_list":["post-137","post","type-post","status-publish","format-standard","has-post-thumbnail","hentry","category-transicion-energetica"],"_links":{"self":[{"href":"https:\/\/ubiracional.org\/val\/wp-json\/wp\/v2\/posts\/137","targetHints":{"allow":["GET"]}}],"collection":[{"href":"https:\/\/ubiracional.org\/val\/wp-json\/wp\/v2\/posts"}],"about":[{"href":"https:\/\/ubiracional.org\/val\/wp-json\/wp\/v2\/types\/post"}],"author":[{"embeddable":true,"href":"https:\/\/ubiracional.org\/val\/wp-json\/wp\/v2\/users\/1"}],"replies":[{"embeddable":true,"href":"https:\/\/ubiracional.org\/val\/wp-json\/wp\/v2\/comments?post=137"}],"version-history":[{"count":2,"href":"https:\/\/ubiracional.org\/val\/wp-json\/wp\/v2\/posts\/137\/revisions"}],"predecessor-version":[{"id":144,"href":"https:\/\/ubiracional.org\/val\/wp-json\/wp\/v2\/posts\/137\/revisions\/144"}],"wp:featuredmedia":[{"embeddable":true,"href":"https:\/\/ubiracional.org\/val\/wp-json\/wp\/v2\/media\/145"}],"wp:attachment":[{"href":"https:\/\/ubiracional.org\/val\/wp-json\/wp\/v2\/media?parent=137"}],"wp:term":[{"taxonomy":"category","embeddable":true,"href":"https:\/\/ubiracional.org\/val\/wp-json\/wp\/v2\/categories?post=137"},{"taxonomy":"post_tag","embeddable":true,"href":"https:\/\/ubiracional.org\/val\/wp-json\/wp\/v2\/tags?post=137"}],"curies":[{"name":"wp","href":"https:\/\/api.w.org\/{rel}","templated":true}]}}