{"id":152,"date":"2022-12-01T12:01:57","date_gmt":"2022-12-01T12:01:57","guid":{"rendered":"http:\/\/ubiracional.org\/?p=152"},"modified":"2022-12-01T12:01:58","modified_gmt":"2022-12-01T12:01:58","slug":"reclamamos-accion-al-presidente-ximo-puig","status":"publish","type":"post","link":"https:\/\/ubiracional.org\/val\/reclamamos-accion-al-presidente-ximo-puig\/","title":{"rendered":"Reclamamos acci\u00f3n al presidente Ximo Puig"},"content":{"rendered":"<p>El domingo 20 de febrero, se despleg\u00f3 una gran pancarta en el centro de la ciudad de Val\u00e8ncia para pedirle al presidente de la Generalitat la rectificaci\u00f3n del Decreto 14\/2020 que regula la implantaci\u00f3n de las energ\u00edas renovables en el territorio valenciano.<\/p>\n\n\n\n<p>Con este acto contin\u00faa la campa\u00f1a que la Coordinadora est\u00e1 llevando a cabo y que complementa una intensa tarea de presentaci\u00f3n de alegaciones a los proyectos ubicados irracionalmente (la inmensa mayor\u00eda), de informaci\u00f3n a la ciudadan\u00eda, de concienciaci\u00f3n y de protesta, en defensa del territorio, para protegerlo de los impactos indeseables de una mala ubicaci\u00f3n de las renovables. Impactos que se podr\u00edan evitar con una ubicaci\u00f3n racional, en sol urbano y urbanizable, en los municipios donde se concentra la mayor demanda energ\u00e9tica. Para conseguir esto hay que rectificar el decreto 14\/2020, que ha resultado ser muy defectuoso y contradictorio y que no protege adecuadamente los valores agrarios, paisaj\u00edsticos y ecol\u00f3gicos de nuestro territorio.<\/p>\n\n\n\n<p>En las pr\u00f3ximas semanas continuar\u00e1n las acciones de calle, as\u00ed como las intervenciones en redes sociales y las acciones legales para evitar que siga la ubicaci\u00f3n irracional de estas instalaciones que van a parar, pr\u00e1cticamente todas, a&nbsp;SNU&nbsp;(suelo no urbanizable) en comarcas de interior.<\/p>\n\n\n\n<p>La Coordinadora, con este acto, manifiesta nuevamente su voluntad de di\u00e1logo y negociaci\u00f3n con la administraci\u00f3n para mejorar una normativa claramente defectuosa, en beneficio de todos los valencianos. La soluci\u00f3n al conflicto resulta f\u00e1cil si se modifican unos pocos art\u00edculos del decreto, sin perjudicar a nadie y evitando da\u00f1os innecesarios y evitables. Una mejor ubicaci\u00f3n es posible y necesaria.<\/p>","protected":false},"excerpt":{"rendered":"<p>El domingo 20 de febrero, se despleg\u00f3 una gran pancarta en el centro de la ciudad de Val\u00e8ncia para pedirle al presidente de la Generalitat la rectificaci\u00f3n del Decreto 14\/2020 [&hellip;]<\/p>","protected":false},"author":1,"featured_media":153,"comment_status":"open","ping_status":"open","sticky":false,"template":"","format":"standard","meta":{"_EventAllDay":false,"_EventTimezone":"","_EventStartDate":"","_EventEndDate":"","_EventStartDateUTC":"","_EventEndDateUTC":"","_EventShowMap":false,"_EventShowMapLink":false,"_EventURL":"","_EventCost":"","_EventCostDescription":"","_EventCurrencySymbol":"","_EventCurrencyCode":"","_EventCurrencyPosition":"","_EventDateTimeSeparator":"","_EventTimeRangeSeparator":"","_EventOrganizerID":[],"_EventVenueID":[],"_OrganizerEmail":"","_OrganizerPhone":"","_OrganizerWebsite":"","_VenueAddress":"","_VenueCity":"","_VenueCountry":"","_VenueProvince":"","_VenueState":"","_VenueZip":"","_VenuePhone":"","_VenueURL":"","_VenueStateProvince":"","_VenueLat":"","_VenueLng":"","_VenueShowMap":false,"_VenueShowMapLink":false,"footnotes":""},"categories":[1],"tags":[],"class_list":["post-152","post","type-post","status-publish","format-standard","has-post-thumbnail","hentry","category-transicion-energetica"],"_links":{"self":[{"href":"https:\/\/ubiracional.org\/val\/wp-json\/wp\/v2\/posts\/152","targetHints":{"allow":["GET"]}}],"collection":[{"href":"https:\/\/ubiracional.org\/val\/wp-json\/wp\/v2\/posts"}],"about":[{"href":"https:\/\/ubiracional.org\/val\/wp-json\/wp\/v2\/types\/post"}],"author":[{"embeddable":true,"href":"https:\/\/ubiracional.org\/val\/wp-json\/wp\/v2\/users\/1"}],"replies":[{"embeddable":true,"href":"https:\/\/ubiracional.org\/val\/wp-json\/wp\/v2\/comments?post=152"}],"version-history":[{"count":1,"href":"https:\/\/ubiracional.org\/val\/wp-json\/wp\/v2\/posts\/152\/revisions"}],"predecessor-version":[{"id":154,"href":"https:\/\/ubiracional.org\/val\/wp-json\/wp\/v2\/posts\/152\/revisions\/154"}],"wp:featuredmedia":[{"embeddable":true,"href":"https:\/\/ubiracional.org\/val\/wp-json\/wp\/v2\/media\/153"}],"wp:attachment":[{"href":"https:\/\/ubiracional.org\/val\/wp-json\/wp\/v2\/media?parent=152"}],"wp:term":[{"taxonomy":"category","embeddable":true,"href":"https:\/\/ubiracional.org\/val\/wp-json\/wp\/v2\/categories?post=152"},{"taxonomy":"post_tag","embeddable":true,"href":"https:\/\/ubiracional.org\/val\/wp-json\/wp\/v2\/tags?post=152"}],"curies":[{"name":"wp","href":"https:\/\/api.w.org\/{rel}","templated":true}]}}