{"id":157,"date":"2022-12-01T12:10:51","date_gmt":"2022-12-01T12:10:51","guid":{"rendered":"http:\/\/ubiracional.org\/?p=157"},"modified":"2022-12-01T12:11:51","modified_gmt":"2022-12-01T12:11:51","slug":"concentracion-reivindicativa-ante-les-corts-valencianes","status":"publish","type":"post","link":"https:\/\/ubiracional.org\/val\/concentracion-reivindicativa-ante-les-corts-valencianes\/","title":{"rendered":"Concentraci\u00f3n reivindicativa ante Les Corts Valencianes"},"content":{"rendered":"<p><strong>La Coordinadora valenciana por la ubicaci\u00f3n racional de las energ\u00edas renovables ha convocado el 6 de febrero una concentraci\u00f3n en la plaza de la Virgen de Valencia para pedir a todas las fuerzas pol\u00edticas valencianas que se impliquen en la rectificaci\u00f3n del Decreto 14\/2020 que regula la implantaci\u00f3n de las energ\u00edas renovables en el territorio valenciano. <\/strong><\/p>\n\n\n\n<p><strong>En el acto han participado delegados de todas las poblaciones y comarcas afectadas<\/strong> <strong>y se ha escenificado una representaci\u00f3n par\u00f3dica de la situaci\u00f3n tan negativa que amenaza<\/strong> <strong>la vitalidad y buena salud ambiental de nuestro territorio.<\/strong><\/p>\n\n\n\n<p><strong>Pueblos que han asistido a la concentraci\u00f3n:<\/strong><\/p>\n\n\n\n<p>Alborache, Alcala de Xivert-Alcossebre, Ayora, Alzira, Beneixama, Benlloch, Bu\u00f1ol, Borriol, Catadau, Carcaixent, Chella, Chiva, Elda-Petrer,Les Coves de Vinrom\u00e0, Montesa, Morella, Sant Joan de Mor\u00f3, Siete Aguas, Tur\u00eds, Utiel-Requena, Vall d Alba, Vilafames, Villar<\/p>\n\n\n\n<p><strong>Este acto forma parte de la campa\u00f1a que la Coordinadora est\u00e1 llevando a cabo y que complementa una intensa tarea de presentaci\u00f3n de alegaciones a los proyectos ubicados irracionalmente (la inmensa mayor\u00eda).<\/strong> Una tarea tambi\u00e9n de informaci\u00f3n a la ciudadan\u00eda, de concienciaci\u00f3n y de protesta, en defensa del territorio, para protegerlo de los impactos indeseables de una mala ubicaci\u00f3n de las renovables. Impactos que se podr\u00edan evitar con una ubicaci\u00f3n racional, en sol urbano y urbanizable, en los municipios donde se concentra la mayor demanda energ\u00e9tica. Para conseguir esto hay que rectificar el decreto 14\/2020, que ha resultado ser muy defectuoso y contradictorio y que no protege adecuadamente los valores agrarios, paisaj\u00edsticos y ecol\u00f3gicos de nuestro territorio.<\/p>\n\n\n\n<p><strong>La Coordinadora quiere dejar patente que continuar\u00e1n las acciones de calle<\/strong>, as\u00ed como las intervenciones en redes sociales y las acciones legales para evitar que siga la ubicaci\u00f3n irracional de estas instalaciones que van a parar, pr\u00e1cticamente todas, en SNU (suelo no urbanizable) en comarcas de interior.<\/p>\n\n\n\n<p><strong>No pararemos de manifestarnos y movilizarnos hasta que no se modifique el decreto<\/strong> y advertimos que cada d\u00eda que pasa hay m\u00e1s gente en nuestras comarcas que se incorpora a la defensa de estos objetivos y lo tendremos mucho en cuenta de cara a las elecciones que se avecinan.<\/p>\n\n\n\n<p>La Coordinadora, con este acto, manifiesta nuevamente su voluntad de di\u00e1logo y negociaci\u00f3n con la administraci\u00f3n para mejorar una normativa claramente defectuosa, en beneficio de todos los valencianos.<\/p>\n\n\n\n<p><strong>Las fuerzas pol\u00edticas que se obcequen irracionalmente en no mover ni una coma de un documento deficiente, incoherente y lleno de defectos pagar\u00e1n esta falta de sensibilidad social en las urnas.<\/strong><\/p>\n\n\n\n<p><strong>Har\u00eda falta que lo consideraran muy seriamente.<\/strong><\/p>","protected":false},"excerpt":{"rendered":"<p>La Coordinadora valenciana por la ubicaci\u00f3n racional de las energ\u00edas renovables ha convocado el 6 de febrero una concentraci\u00f3n en la plaza de la Virgen de Valencia para pedir a [&hellip;]<\/p>","protected":false},"author":1,"featured_media":158,"comment_status":"open","ping_status":"open","sticky":false,"template":"","format":"standard","meta":{"_EventAllDay":false,"_EventTimezone":"","_EventStartDate":"","_EventEndDate":"","_EventStartDateUTC":"","_EventEndDateUTC":"","_EventShowMap":false,"_EventShowMapLink":false,"_EventURL":"","_EventCost":"","_EventCostDescription":"","_EventCurrencySymbol":"","_EventCurrencyCode":"","_EventCurrencyPosition":"","_EventDateTimeSeparator":"","_EventTimeRangeSeparator":"","_EventOrganizerID":[],"_EventVenueID":[],"_OrganizerEmail":"","_OrganizerPhone":"","_OrganizerWebsite":"","_VenueAddress":"","_VenueCity":"","_VenueCountry":"","_VenueProvince":"","_VenueState":"","_VenueZip":"","_VenuePhone":"","_VenueURL":"","_VenueStateProvince":"","_VenueLat":"","_VenueLng":"","_VenueShowMap":false,"_VenueShowMapLink":false,"footnotes":""},"categories":[1],"tags":[],"class_list":["post-157","post","type-post","status-publish","format-standard","has-post-thumbnail","hentry","category-transicion-energetica"],"_links":{"self":[{"href":"https:\/\/ubiracional.org\/val\/wp-json\/wp\/v2\/posts\/157","targetHints":{"allow":["GET"]}}],"collection":[{"href":"https:\/\/ubiracional.org\/val\/wp-json\/wp\/v2\/posts"}],"about":[{"href":"https:\/\/ubiracional.org\/val\/wp-json\/wp\/v2\/types\/post"}],"author":[{"embeddable":true,"href":"https:\/\/ubiracional.org\/val\/wp-json\/wp\/v2\/users\/1"}],"replies":[{"embeddable":true,"href":"https:\/\/ubiracional.org\/val\/wp-json\/wp\/v2\/comments?post=157"}],"version-history":[{"count":2,"href":"https:\/\/ubiracional.org\/val\/wp-json\/wp\/v2\/posts\/157\/revisions"}],"predecessor-version":[{"id":160,"href":"https:\/\/ubiracional.org\/val\/wp-json\/wp\/v2\/posts\/157\/revisions\/160"}],"wp:featuredmedia":[{"embeddable":true,"href":"https:\/\/ubiracional.org\/val\/wp-json\/wp\/v2\/media\/158"}],"wp:attachment":[{"href":"https:\/\/ubiracional.org\/val\/wp-json\/wp\/v2\/media?parent=157"}],"wp:term":[{"taxonomy":"category","embeddable":true,"href":"https:\/\/ubiracional.org\/val\/wp-json\/wp\/v2\/categories?post=157"},{"taxonomy":"post_tag","embeddable":true,"href":"https:\/\/ubiracional.org\/val\/wp-json\/wp\/v2\/tags?post=157"}],"curies":[{"name":"wp","href":"https:\/\/api.w.org\/{rel}","templated":true}]}}