{"id":251,"date":"2023-01-13T11:55:43","date_gmt":"2023-01-13T11:55:43","guid":{"rendered":"http:\/\/ubiracional.org\/?p=251"},"modified":"2023-01-13T12:04:13","modified_gmt":"2023-01-13T12:04:13","slug":"manifestacion-sabado-21-de-enero","status":"publish","type":"post","link":"https:\/\/ubiracional.org\/val\/manifestacion-sabado-21-de-enero\/","title":{"rendered":"Manifestaci\u00f3n s\u00e1bado 21 de enero"},"content":{"rendered":"<figure class=\"wp-block-image size-large\"><img loading=\"lazy\" decoding=\"async\" width=\"724\" height=\"1024\" src=\"http:\/\/ubiracional.org\/wp-content\/uploads\/cartel-mani-cast-724x1024.jpg\" alt=\"\" class=\"wp-image-252\" srcset=\"https:\/\/ubiracional.org\/wp-content\/uploads\/cartel-mani-cast-724x1024.jpg 724w, https:\/\/ubiracional.org\/wp-content\/uploads\/cartel-mani-cast-212x300.jpg 212w, https:\/\/ubiracional.org\/wp-content\/uploads\/cartel-mani-cast-768x1086.jpg 768w, https:\/\/ubiracional.org\/wp-content\/uploads\/cartel-mani-cast.jpg 1024w\" sizes=\"auto, (max-width: 724px) 100vw, 724px\" \/><\/figure>\n\n\n\n<p>La Coordinadora por la Ubicaci\u00f3n Racional de las Energ\u00edas Renovables convoca una manifestaci\u00f3n en Valencia el pr\u00f3ximo <strong>s\u00e1bado 21 de enero de 12:00 a 14:00<\/strong>.<\/p>\n\n\n\n<p>Salida del Palacio de Justica hasta la Plaza de la Virgen.<\/p>\n\n\n\n<p>Se est\u00e1 impulsando un modelo de transici\u00f3n energ\u00e9tica a las renovables sin participaci\u00f3n ciudadania sin respeto a las entidades locales, que destruye tierras agr\u00edcolas, arrasa con bosques y pone en peligro la biodiversidad.<\/p>\n\n\n\n<p>Empresas extranjeras y fondos de inversi\u00f3n especulan con las tierras del interior que son m\u00e1s baratas y amenazan sectores tan importantes como el agr\u00edcola y el turismo rural.<\/p>\n\n\n\n<p>El gobierno valenciano, el del Estado y la propia UE desregulan las legislaciones urban\u00edsticas y ambientales para facilitar los intereses de estas empresas.<\/p>\n\n\n\n<h3 class=\"wp-block-heading\">Renovables S\u00ed Pero No As\u00ed!<\/h3>\n\n\n\n<p>Instalemos renovables en zonas degradadas y techos! Hagamos la transici\u00f3n en beneficio del planeta y la ciudadania y no de los intereses econ\u00f3mico-empresariales! No permitamos que se destruya nuestro patrimonio!<\/p>\n\n\n\n<p>Descarga el cartel <a href=\"http:\/\/ubiracional.org\/wp-content\/uploads\/Manifestacion-21-de-enero.pdf\">ac\u00ed<\/a><\/p>","protected":false},"excerpt":{"rendered":"<p>La Coordinadora por la Ubicaci\u00f3n Racional de las Energ\u00edas Renovables convoca una manifestaci\u00f3n en Valencia el pr\u00f3ximo s\u00e1bado 21 de enero de 12:00 a 14:00. Salida del Palacio de Justica [&hellip;]<\/p>","protected":false},"author":1,"featured_media":257,"comment_status":"open","ping_status":"open","sticky":false,"template":"","format":"standard","meta":{"_EventAllDay":false,"_EventTimezone":"","_EventStartDate":"","_EventEndDate":"","_EventStartDateUTC":"","_EventEndDateUTC":"","_EventShowMap":false,"_EventShowMapLink":false,"_EventURL":"","_EventCost":"","_EventCostDescription":"","_EventCurrencySymbol":"","_EventCurrencyCode":"","_EventCurrencyPosition":"","_EventDateTimeSeparator":"","_EventTimeRangeSeparator":"","_EventOrganizerID":[],"_EventVenueID":[],"_OrganizerEmail":"","_OrganizerPhone":"","_OrganizerWebsite":"","_VenueAddress":"","_VenueCity":"","_VenueCountry":"","_VenueProvince":"","_VenueState":"","_VenueZip":"","_VenuePhone":"","_VenueURL":"","_VenueStateProvince":"","_VenueLat":"","_VenueLng":"","_VenueShowMap":false,"_VenueShowMapLink":false,"footnotes":""},"categories":[1],"tags":[],"class_list":["post-251","post","type-post","status-publish","format-standard","has-post-thumbnail","hentry","category-transicion-energetica"],"_links":{"self":[{"href":"https:\/\/ubiracional.org\/val\/wp-json\/wp\/v2\/posts\/251","targetHints":{"allow":["GET"]}}],"collection":[{"href":"https:\/\/ubiracional.org\/val\/wp-json\/wp\/v2\/posts"}],"about":[{"href":"https:\/\/ubiracional.org\/val\/wp-json\/wp\/v2\/types\/post"}],"author":[{"embeddable":true,"href":"https:\/\/ubiracional.org\/val\/wp-json\/wp\/v2\/users\/1"}],"replies":[{"embeddable":true,"href":"https:\/\/ubiracional.org\/val\/wp-json\/wp\/v2\/comments?post=251"}],"version-history":[{"count":2,"href":"https:\/\/ubiracional.org\/val\/wp-json\/wp\/v2\/posts\/251\/revisions"}],"predecessor-version":[{"id":255,"href":"https:\/\/ubiracional.org\/val\/wp-json\/wp\/v2\/posts\/251\/revisions\/255"}],"wp:featuredmedia":[{"embeddable":true,"href":"https:\/\/ubiracional.org\/val\/wp-json\/wp\/v2\/media\/257"}],"wp:attachment":[{"href":"https:\/\/ubiracional.org\/val\/wp-json\/wp\/v2\/media?parent=251"}],"wp:term":[{"taxonomy":"category","embeddable":true,"href":"https:\/\/ubiracional.org\/val\/wp-json\/wp\/v2\/categories?post=251"},{"taxonomy":"post_tag","embeddable":true,"href":"https:\/\/ubiracional.org\/val\/wp-json\/wp\/v2\/tags?post=251"}],"curies":[{"name":"wp","href":"https:\/\/api.w.org\/{rel}","templated":true}]}}