{"id":288,"date":"2023-02-27T19:02:06","date_gmt":"2023-02-27T19:02:06","guid":{"rendered":"http:\/\/ubiracional.org\/?p=288"},"modified":"2023-02-27T19:08:17","modified_gmt":"2023-02-27T19:08:17","slug":"cerca-de-2000-manifestantes-en-coves-de-vinroma-para-reclamar-una-implantacion-racional-de-las-energias-renovables","status":"publish","type":"post","link":"https:\/\/ubiracional.org\/val\/cerca-de-2000-manifestantes-en-coves-de-vinroma-para-reclamar-una-implantacion-racional-de-las-energias-renovables\/","title":{"rendered":"Prop de 2000 manifestants en Coves de Vinrom\u00e0 reclaman una implantaci\u00f3 racional de les energies renovables."},"content":{"rendered":"<p>Ha estat un \u00e8xit total, amb m\u00e9s de 2000 participants, i la manifestaci\u00f3 m\u00e9s multitudin\u00e0ria dels darrers anys en un poble de les zones rurals, on s'hi ha bolcat tota la societat civil i pol\u00edtica. Aix\u00ed valoren l'acte d'avui a les Coves les entitats organitzadores, l'associaci\u00f3 Nostra Terra i la Coordinadora Valenciana per una Ubicaci\u00f3 Racional de les Energies Renovables. Per\u00f2 no han segut les \u00faniques, ja que l'acci\u00f3 d'avui s'emmarca en una campanya de visibilitzaci\u00f3 del m\u00f3n rural front a nombrosos projectes d'energies renovables que hi ha previstos a la Comunitat Valenciana. Aix\u00ed, el lema principal de les Coves del \u201cNo a la Magda\u201d s'ha vist acompanyat d'altres com el de \u201cNo a la MAT\u201d, \u201cDestruir els nostres ecosistemes no \u00e9s lluitar contra el canvi clim\u00e0tic\u201d, \u201cLa terra no es ven, la terra es def\u00e9n\u201d o \u201cStop macrorenovables, un altre futur \u00e9s possible.\u201d<\/p>\n\n\n\n<p>M\u00e9s d'una desena d'entitats en defensa del territori, provinents de diferents punts de la Comunitat Valenciana,  han fet acte de pres\u00e8ncia en la manifestaci\u00f3 de les Coves, a m\u00e9s de ve\u00efns i ve\u00efnes dels pobles propers a les Coves, alguns d'ells com Benlloch tamb\u00e9 afectats pel macroprojecte Magda. Tamb\u00e9 hi ha hagut una nombrosa participaci\u00f3 de representants pol\u00edtics de formacions com Comprom\u00eds, PSPV-PSOE i PP, i amb la pres\u00e8ncia de c\u00e0rrecs electes com diputats provincials, senadors i alcaldes de pobles ve\u00efns, i tots els regidors a la oposici\u00f3 a l'Ajuntament de les Coves.<\/p>\n\n\n\n<p>La manifestaci\u00f3 ha recorregut enmig d'un ambient l\u00fadic els principals carrers del poble, per finalitzar a la pla\u00e7a Espanya, on s'han dut a terme les lectures dels manifests.<\/p>\n\n\n\n<p>Jes\u00fas Broch, portaveu de la Coordinadora Valenciana per una Ubicaci\u00f3 racional de les energies renovables, ha animat a continuar la lluita contra el que ha anomenat \u201cun model depredador del territori\u201d. Per la seua banda, el president de Nostra Terra, Miguel \u00c1ngel Rodrigo, ha carregat contra els governants \u201cque estan afavorint, amb les seues decisions i amb els nostres impostos, un model que ens empobreix i ens deixa indefensos en mans d'inversors privats que nom\u00e9s vetllen pels seus interessos econ\u00f2mics\u201d. Carme Barreda, representant de Nostra Terra, ha continuat l'acte recordant que l'equip de govern municipal a les Coves no s'ha situat al costat dels ve\u00efns, tal i com han fet gaireb\u00e9 tots els alcaldes de la resta de municipis, sin\u00f3 que amb els fets demostra que s'ha posicionat des del primer dia a favor de l'empresa promotora del Magda.<\/p>\n\n\n\n<p>Barreda ha reclamat que s'ature el projecte concret de les Coves, per\u00f2 tamb\u00e9 ha reclamat \u201cla paralitzaci\u00f3 urgent del model plantejat pel govern central fins que es trobe un model  que siga energ\u00e8ticament eficient i que respecte els ecosistemes\u201d, i ha afegit: \u201cDemanem que s'apliquen les directives europees que prioritzen les comunitats energ\u00e8tiques, posant l'energia en mans de les persones i minimitzant els impactes socioambientals\u201d.<\/p>\n\n\n\n<p>L'acte ha concl\u00f2s amb la participaci\u00f3 d'un grup de xiquets que tamb\u00e9 ha volgut llegir unes frases que es resumien en \u201cEls xiquets i xiquetes tamb\u00e9 volem un futur per als nostres pobles\u201d. <strong><\/strong><\/p>\n\n\n\n<p><\/p>","protected":false},"excerpt":{"rendered":"<p>Ha sido un \u00e9xito total, con m\u00e1s de 2000 participantes, y la manifestaci\u00f3n m\u00e1s multitudinaria de los \u00faltimos a\u00f1os en un pueblo de las zonas rurales, ya que se ha [&hellip;]<\/p>","protected":false},"author":1,"featured_media":291,"comment_status":"open","ping_status":"open","sticky":false,"template":"","format":"standard","meta":{"_EventAllDay":false,"_EventTimezone":"","_EventStartDate":"","_EventEndDate":"","_EventStartDateUTC":"","_EventEndDateUTC":"","_EventShowMap":false,"_EventShowMapLink":false,"_EventURL":"","_EventCost":"","_EventCostDescription":"","_EventCurrencySymbol":"","_EventCurrencyCode":"","_EventCurrencyPosition":"","_EventDateTimeSeparator":"","_EventTimeRangeSeparator":"","_EventOrganizerID":[],"_EventVenueID":[],"_OrganizerEmail":"","_OrganizerPhone":"","_OrganizerWebsite":"","_VenueAddress":"","_VenueCity":"","_VenueCountry":"","_VenueProvince":"","_VenueState":"","_VenueZip":"","_VenuePhone":"","_VenueURL":"","_VenueStateProvince":"","_VenueLat":"","_VenueLng":"","_VenueShowMap":false,"_VenueShowMapLink":false,"footnotes":""},"categories":[1],"tags":[],"class_list":["post-288","post","type-post","status-publish","format-standard","has-post-thumbnail","hentry","category-transicion-energetica"],"_links":{"self":[{"href":"https:\/\/ubiracional.org\/val\/wp-json\/wp\/v2\/posts\/288","targetHints":{"allow":["GET"]}}],"collection":[{"href":"https:\/\/ubiracional.org\/val\/wp-json\/wp\/v2\/posts"}],"about":[{"href":"https:\/\/ubiracional.org\/val\/wp-json\/wp\/v2\/types\/post"}],"author":[{"embeddable":true,"href":"https:\/\/ubiracional.org\/val\/wp-json\/wp\/v2\/users\/1"}],"replies":[{"embeddable":true,"href":"https:\/\/ubiracional.org\/val\/wp-json\/wp\/v2\/comments?post=288"}],"version-history":[{"count":2,"href":"https:\/\/ubiracional.org\/val\/wp-json\/wp\/v2\/posts\/288\/revisions"}],"predecessor-version":[{"id":292,"href":"https:\/\/ubiracional.org\/val\/wp-json\/wp\/v2\/posts\/288\/revisions\/292"}],"wp:featuredmedia":[{"embeddable":true,"href":"https:\/\/ubiracional.org\/val\/wp-json\/wp\/v2\/media\/291"}],"wp:attachment":[{"href":"https:\/\/ubiracional.org\/val\/wp-json\/wp\/v2\/media?parent=288"}],"wp:term":[{"taxonomy":"category","embeddable":true,"href":"https:\/\/ubiracional.org\/val\/wp-json\/wp\/v2\/categories?post=288"},{"taxonomy":"post_tag","embeddable":true,"href":"https:\/\/ubiracional.org\/val\/wp-json\/wp\/v2\/tags?post=288"}],"curies":[{"name":"wp","href":"https:\/\/api.w.org\/{rel}","templated":true}]}}