{"id":595,"date":"2024-09-29T21:50:00","date_gmt":"2024-09-29T21:50:00","guid":{"rendered":"https:\/\/ubiracional.org\/?p=595"},"modified":"2024-09-29T21:51:26","modified_gmt":"2024-09-29T21:51:26","slug":"un-plan-especial-condena-a-muerte-el-valle-de-ayora-valencia","status":"publish","type":"post","link":"https:\/\/ubiracional.org\/val\/un-plan-especial-condena-a-muerte-el-valle-de-ayora-valencia\/","title":{"rendered":"Las renovables se van a Europa"},"content":{"rendered":"<p><strong>Un Plan Especial condena a muerte el Valle de Ayora (Valencia).<\/strong><\/p>\n\n\n\n<p><strong>D<\/strong><strong>enunciamos<\/strong> <strong>la aprobaci\u00f3n de 25 proyectos de plantas fotovoltaicas en este espacio, abarcando parte de las provincias de Valencia y Albacete.<\/strong><\/p>\n\n\n\n<figure class=\"wp-block-image size-large\"><img loading=\"lazy\" decoding=\"async\" width=\"1024\" height=\"576\" src=\"https:\/\/ubiracional.org\/wp-content\/uploads\/Casa-Madrona-1024x576.jpg\" alt=\"\" class=\"wp-image-591\" srcset=\"https:\/\/ubiracional.org\/wp-content\/uploads\/Casa-Madrona-1024x576.jpg 1024w, https:\/\/ubiracional.org\/wp-content\/uploads\/Casa-Madrona-300x169.jpg 300w, https:\/\/ubiracional.org\/wp-content\/uploads\/Casa-Madrona-768x432.jpg 768w, https:\/\/ubiracional.org\/wp-content\/uploads\/Casa-Madrona-1536x864.jpg 1536w, https:\/\/ubiracional.org\/wp-content\/uploads\/Casa-Madrona.jpg 1599w\" sizes=\"auto, (max-width: 1024px) 100vw, 1024px\" \/><figcaption class=\"wp-element-caption\">Imagen de terrenos afectados por proyectos macro-renovables en Casas de Madrona, Valle de Ayora<\/figcaption><\/figure>\n\n\n\n<p>La Asociaci\u00f3n Naturalista de Ayora y la Valle (ANAV) y la Coordinadora Valenciana por la Ubicaci\u00f3n Racional de las Energ\u00edas Renovables presentamos una <strong>queja ante la Comisi\u00f3n de Peticiones del Parlamento Europeo<\/strong> y una <strong>denuncia a la Comisi\u00f3n Europea<\/strong> por la implantaci\u00f3n de 25 plantas fotovoltaicas en la zona de Ayora (provincias de Valencia y de Albacete).<br>Se trata de 25 proyectos que, aunque se han tramitado de forma independiente, constituyen una unidad geogr\u00e1fica. La fragmentaci\u00f3n de estos ha propiciado la no evaluaci\u00f3n ambiental ordinaria de algunas plantas fotovoltaicas que han analizado las afecciones ambientales de una forma mucho menos exigente y <strong>contraria a la normativa europea<\/strong>; sin que exista una evaluaci\u00f3n de las repercusiones que tendr\u00eda todo el macroproyecto sobre el medioambiente.<\/p>\n\n\n\n<p><br>Paralelamente se han aprobado los dos instrumentos de aceleraci\u00f3n de la implantaci\u00f3n de estos proyectos: <strong>Declaraci\u00f3n de Prioridad Energ\u00e9tica<\/strong> del \u00e1mbito territorial del suelo no urbanizable com\u00fan del Valle de Ayora-Cofrentes (DPE), y el <strong>Plan Especial de Ordenaci\u00f3n<\/strong> de infraestructuras de generaci\u00f3n de energ\u00eda solar fotovoltaica en los municipios de Ayora, Zarra y Jarafuel (PE). Estos dos instrumentos convierten este lugar en zona de sacrificio, facilitando a\u00fan m\u00e1s la implantaci\u00f3n de pol\u00edgonos industriales de energ\u00edas renovables sobre el suelo f\u00e9rtil.<\/p>\n\n\n\n<p><br><strong>El procedimiento de evaluaci\u00f3n de impacto ambiental llevado a cabo para los proyectos fotovoltaicos ha sido insuficiente, sesgado, con una metodolog\u00eda inadecuada, incluso con modificaciones a posteriori.<\/strong> Tanto de los estudios de impacto ambiental presentados por los promotores como las declaraciones de impacto llevadas a cabo por la administraci\u00f3n ambiental. De igual modo ha ocurrido con la Evaluaci\u00f3n ambiental estrat\u00e9gica en el caso del Plan Especial de los 3 ayuntamientos. Sin participaci\u00f3n real y efectiva, en cualquier caso las alegaciones presentadas nunca fueron tomadas en cuenta por el \u00f3rgano ambiental durante el tr\u00e1mite de evaluaci\u00f3n ambiental.<\/p>\n\n\n\n<p><br>Consideramos que <strong>se ha incumplido abundante normativa europea y nacional, <\/strong>fundamentalmente, se incumplen abiertamente las Directivas de H\u00e1bitats (92\/43\/EEC) y de Aves Silvestres (2009\/147\/EC), as\u00ed como la Directiva relativa a la evaluaci\u00f3n de las repercusiones de determinados proyectos p\u00fablicos y privados sobre el medio ambiente (2011\/92\/EU).<\/p>\n\n\n\n<p><strong>No existe certeza de que los parques fotovoltaicos no producir\u00e1n efectos perjudiciales para la integridad de los espacios naturales de la Red Natura 2000<\/strong> y, sobre todo, no se han estudiado alternativas (que las hay) que eviten las afecciones sobre estos espacios. Incluso, si no hubiera alternativas viables y se pudieran demostrar razones imperiosas (que no las hay) de inter\u00e9s p\u00fablico de primer orden para efectuar los proyectos en cuesti\u00f3n, los proyectos tendr\u00edan que incluir la realizaci\u00f3n de medidas compensatorias que garantizasen la integridad de los espacios afectados incluidos en la Red Natura 2000.<\/p>\n\n\n\n<p><br>Las zonas elegidas para la implantaci\u00f3n son campos de secano en mosaico con vegetaci\u00f3n forestal, rodeados por terrenos forestales con diferente grado o instrumento de protecci\u00f3n: montes p\u00fablicos catalogados, Red Natura 2000 (ZECs, ZEPAs, LICs), cuevas catalogadas, h\u00e1bitats prioritarios, Zonas H\u00famedas (IBA, ZIM, y dos PRR) que se extienden casi por toda la comarca. Adem\u00e1s, entre estos terrenos protegidos se encuentran corredores ecol\u00f3gicos que los unen y no se valora la circunstancia de que los emplazamientos <strong>se sit\u00faan en dos de los 12 grandes corredores ecol\u00f3gicos de la Pen\u00ednsula<\/strong>.<\/p>\n\n\n\n<p>Existen numerosos informes que predicen un grave riesgo a las aves y h\u00e1bitats del territorio derivados de la presencia de estas centrales fotovoltaicas. Tambi\u00e9n se pretende ocupar numerosas zonas monta\u00f1osas y con arbolado que tienen protecci\u00f3n, como es el caso de montes de utilidad p\u00fablica. Hay varias especies vulnerables o incluso en peligro de extinci\u00f3n cuya recuperaci\u00f3n se ve afectada por los proyectos (\u00e1guila perdicera, aguilucho cenizo, aves esteparias como la ganga ortega, la avutarda o el sis\u00f3n). Por otra parte, existen numerosas especies incluidas en el Anexo I de la Directiva Aves afectadas por los proyectos.<\/p>\n\n\n\n<p><br>Los planes y proyectos planteados y en marcha para la recuperaci\u00f3n y conservaci\u00f3n de estas especies en peligro de extinci\u00f3n y tambi\u00e9n vulnerables &#8211; as\u00ed como proyectos de atracci\u00f3n, por la idoneidad del territorio, para el \u00e1guila imperial ib\u00e9rica o el lince ib\u00e9rico &#8211; se ir\u00e1n al traste, o quedar\u00e1n irreversiblemente afectados con la puesta en marcha de estos macroproyectos fotovoltaicos.<\/p>\n\n\n\n<p><br>La funci\u00f3n de estas plantas fotovoltaicas no es producir energ\u00eda para consumo de estas comarcas, sino producir energ\u00eda para transportarla con largas l\u00edneas de transporte hacia lejanos puntos de consumo.<\/p>\n\n\n\n<p><br><strong>En algunos municipios m\u00e1s del 50% de las tierras de cultivo de secano ser\u00e1n ocupadas por estas centrales fotovoltaicas, uso que compite y desplaza a las actividades econ\u00f3micas rurales y afecta negativamente a la supervivencia de la fauna, la flora, los acu\u00edferos y el paisaje.<\/strong><\/p>\n\n\n\n<p>No entendemos que, al tiempo que la UE quiere preservar y proteger el 30% de nuestras zonas terrestres (seg\u00fan la Estrategia de Biodiversidad y la nueva Ley de Restauraci\u00f3n de la Naturaleza) se permita que las centrales renovables se sigan instalando en la naturaleza rural virgen en lugar de en zonas ya irreversiblemente alteradas por el ser humano.<\/p>\n\n\n\n<p><br>Lo m\u00e1s preocupante de este caso que denunciamos es que <strong>se trata de una pr\u00e1ctica repetida y casi generalizada en la tramitaci\u00f3n de las centrales el\u00e9ctricas de energ\u00edas renovables <\/strong>en todo el Reino de Espa\u00f1a; en consecuencia, recurrimos a instancias europeas y a la exposici\u00f3n p\u00fablica de estas actuaciones que suponen una agresi\u00f3n m\u00e1s a nuestros ecosistemas.<\/p>","protected":false},"excerpt":{"rendered":"<p>Un Plan Especial condena a muerte el Valle de Ayora (Valencia). Denunciamos la aprobaci\u00f3n de 25 proyectos de plantas fotovoltaicas en este espacio, abarcando parte de las provincias de Valencia [&hellip;]<\/p>","protected":false},"author":1,"featured_media":593,"comment_status":"open","ping_status":"open","sticky":false,"template":"","format":"standard","meta":{"_EventAllDay":false,"_EventTimezone":"","_EventStartDate":"","_EventEndDate":"","_EventStartDateUTC":"","_EventEndDateUTC":"","_EventShowMap":false,"_EventShowMapLink":false,"_EventURL":"","_EventCost":"","_EventCostDescription":"","_EventCurrencySymbol":"","_EventCurrencyCode":"","_EventCurrencyPosition":"","_EventDateTimeSeparator":"","_EventTimeRangeSeparator":"","_EventOrganizerID":[],"_EventVenueID":[],"_OrganizerEmail":"","_OrganizerPhone":"","_OrganizerWebsite":"","_VenueAddress":"","_VenueCity":"","_VenueCountry":"","_VenueProvince":"","_VenueState":"","_VenueZip":"","_VenuePhone":"","_VenueURL":"","_VenueStateProvince":"","_VenueLat":"","_VenueLng":"","_VenueShowMap":false,"_VenueShowMapLink":false,"footnotes":""},"categories":[10],"tags":[],"class_list":["post-595","post","type-post","status-publish","format-standard","has-post-thumbnail","hentry","category-transicio-energetica"],"_links":{"self":[{"href":"https:\/\/ubiracional.org\/val\/wp-json\/wp\/v2\/posts\/595","targetHints":{"allow":["GET"]}}],"collection":[{"href":"https:\/\/ubiracional.org\/val\/wp-json\/wp\/v2\/posts"}],"about":[{"href":"https:\/\/ubiracional.org\/val\/wp-json\/wp\/v2\/types\/post"}],"author":[{"embeddable":true,"href":"https:\/\/ubiracional.org\/val\/wp-json\/wp\/v2\/users\/1"}],"replies":[{"embeddable":true,"href":"https:\/\/ubiracional.org\/val\/wp-json\/wp\/v2\/comments?post=595"}],"version-history":[{"count":3,"href":"https:\/\/ubiracional.org\/val\/wp-json\/wp\/v2\/posts\/595\/revisions"}],"predecessor-version":[{"id":600,"href":"https:\/\/ubiracional.org\/val\/wp-json\/wp\/v2\/posts\/595\/revisions\/600"}],"wp:featuredmedia":[{"embeddable":true,"href":"https:\/\/ubiracional.org\/val\/wp-json\/wp\/v2\/media\/593"}],"wp:attachment":[{"href":"https:\/\/ubiracional.org\/val\/wp-json\/wp\/v2\/media?parent=595"}],"wp:term":[{"taxonomy":"category","embeddable":true,"href":"https:\/\/ubiracional.org\/val\/wp-json\/wp\/v2\/categories?post=595"},{"taxonomy":"post_tag","embeddable":true,"href":"https:\/\/ubiracional.org\/val\/wp-json\/wp\/v2\/tags?post=595"}],"curies":[{"name":"wp","href":"https:\/\/api.w.org\/{rel}","templated":true}]}}