{"id":927,"date":"2025-05-13T12:00:34","date_gmt":"2025-05-13T12:00:34","guid":{"rendered":"https:\/\/ubiracional.org\/?p=927"},"modified":"2025-05-13T12:08:11","modified_gmt":"2025-05-13T12:08:11","slug":"mas-de-30-municipios-aprueban-una-mocion-contra-los-decretos-del-govern-valencia-que-vulneran-su-autonomia-en-materia-de-ordenacion-urbana-y-eerr","status":"publish","type":"post","link":"https:\/\/ubiracional.org\/val\/mas-de-30-municipios-aprueban-una-mocion-contra-los-decretos-del-govern-valencia-que-vulneran-su-autonomia-en-materia-de-ordenacion-urbana-y-eerr\/","title":{"rendered":"M\u00e9s de 30 municipis defensan la seua autonomia en mat\u00e8ria d\u2019ordenaci\u00f3 urbana i EERR"},"content":{"rendered":"<p><strong>La moci\u00f3, proposada per la Coordinadora Valenciana per la Ubicaci\u00f3 Racional de les Energies Renovables, insta als ajuntaments a demanar al Govern Valenci\u00e0 la derogaci\u00f3 de certs articles dels decrets i lleis aprovades fins ara que vulneren l\u2019autonomia municipal en mat\u00e8ria de regulaci\u00f3 del s\u00f2l.<\/strong><\/p>\n\n\n\n<p><strong>Diversos municipis, de diferents governances, aproven per unanimitat la moci\u00f3 que exigeix al Govern de la Generalitat la retirada dels articles esmentats i que \u00e9s respecte l\u2019autonomia municipal.<\/strong><\/p>\n\n\n\n<p><strong>Es demana tamb\u00e9 la revisi\u00f3 del PATRICOVA i la prohibici\u00f3 d\u2019instal\u00b7laci\u00f3 de projectes fotovoltaics o d\u2019emmagatzematge els terrenys afectades per la DANA, zones inundables o amb generaci\u00f3 de riscos per escorrentia, com \u00e9s el cas dels macroprojectes Torrentenergy I, II, III i IV , a Montserrat, Tur\u00eds, Chiva i Godelleta.<\/strong><\/p>\n\n\n\n<p>El passat mes de febrer, la Coordinadora Valenciana per la Ubicaci\u00f3 Racional de les Energies Renovables, va presentar a tots els ajuntaments del territori valenci\u00e0, una proposta de moci\u00f3 relacionada amb el Decret Llei 14\/2020 de 7 d\u2019agost, el Decret Llei 1\/2022 de 22 d\u2019abril i la Llei 6\/2024 de 5 de desembre, de la Generalitat, de simplificaci\u00f3 administrativa. La proposta, que s\u2019havia de presentar en l\u2019ordre del dia dels diferents plens municipals a efectes de la seua aprovaci\u00f3, s\u2019acompanyava d\u2019un argumentari pel qual s\u2019haurien de derogar els articles que vulneren l\u2019autonomia municipal en mat\u00e8ria d\u2019ordenaci\u00f3 del territori, en concret, del s\u00f2l no urbanitzable com\u00fa i protegit.<\/p>\n\n\n\n<p>Des de l\u2019inici de la campanya ja s\u00f3n m\u00e9s de 30 el municipis que l\u2019han aprovada als plens municipals. M\u00e9s enll\u00e0 el color del partit de govern hi ha municipis, tant del PP com del PSPV, que veuen coherent la defensa dels seus termes municipals i de conservar la capacitat de decisi\u00f3 en l\u2019ordenaci\u00f3 sobre el s\u00f2l no urbanitzable que els otorga l\u2019autonomia municipal. Molts d\u2019ells l\u2019han aprovada per unanimitat. En la llista trobem municipis com Elda, Onil, Biar, Salinas o Villena en les comarques d\u2019Alacant; Caudiel, Viver, la Vall d\u2019Alba, les Coves de Vinrom\u00e0, Morella o Cinctorres a les comarques de Castell\u00f3; i l\u2019Alc\u00fadia de Crespins, Moixent, Cheste, Montserrat o Tur\u00eds a les comarques de Val\u00e8ncia.<\/p>\n\n\n\n<p><strong>Els darrers decrets i la nova llei que ordena la instal\u00b7laci\u00f3 de projectes d\u2019energies renovables forcen als ajuntament a donar la compatibilitat urban\u00edstica alhora que els prohibeixen eines b\u00e0siques d\u2019ordenaci\u00f3 com la suspensi\u00f3 de llic\u00e8ncies.<\/strong><\/p>\n\n\n\n<p class=\"translation-block\">Els articles als que fa refer\u00e8ncia la moci\u00f3 s\u00f3n aquells que forcen als ajuntaments a donar la compatibilitat urban\u00edstica als projectes que presenten les promotores diga el que diga el pla general d\u2019ordenaci\u00f3 urbana (PGOU) quan introdueixen redactats com estos:  \u201c\u00danicament hi haur\u00e0 incompatibilitat quan aix\u00ed ho prohibisca expressament el planejament urban\u00edstic o territorial\u201d, cosa que no pasa pr\u00e0cticament en cap PGOU, ja que estos habiliten els usos corresponents i prohibeixen la resta sense especificaci\u00f3 concreta.<\/p>\n\n\n\n<p>La moci\u00f3 tamb\u00e9 fa refer\u00e8ncia a les continues modificacions de la Llei d\u2019Ordenaci\u00f3 del Territori, Urbanisme i Paisatge, arribant a prohibir la suspensi\u00f3 de llic\u00e8ncies urban\u00edstiques, una eina utilitzada pels ajuntaments per a poder ordenar el seu pla general amb la finalitat de regular, en les seues normes urban\u00edstiques, on han d\u2019instal\u00b7lar-se les plantes de renovables i amb quines dimensions. D\u2019igual forma denuncia l\u2019augment continu de la superf\u00edcie total a ocupar en el terme municipal per projectes de renovables, arribant fins al 10% de la suma del s\u00f2l no urbanitzable com\u00fa i el s\u00f2l no urbanitzable protegit.<\/p>\n\n\n\n<p><strong>Els municipis demanen la revisi\u00f3 del PATRICOVA i dels projectes en terrenys afectats per la DANA despr\u00e9s de la trag\u00e8dia.<\/strong><\/p>\n\n\n\n<p>Davant les conseq\u00fc\u00e8ncies de la \u00faltima DANA, es demana una revisi\u00f3 del PATRICOVA per adaptar-lo a la nova realitat, per tal de prohibir instal\u00b7lacions de producci\u00f3 o emmagatzematge d\u2019energia en zones inundables o amb generaci\u00f3 de riscos per escorrentia, comen\u00e7ant per revisar aquells projectes que estan en tramitaci\u00f3 i es situen en estes noves zones de risc i en terrenys afectats per la DANA.<\/p>\n\n\n\n<p class=\"translation-block\">Com ara els anomenats Torrentenergy 1, 2, 3 i 4, quatre projectes de tramitaci\u00f3 auton\u00f2mica que sumen una gran planta fotovoltaica de 200 MW i que ocupar\u00e0 500 hect\u00e0rees, projectada a les localitats de Montserrat, Tur\u00eds, Chiva i Godelleta, en terrenys afectats per la DANA i on les aig\u00fces d\u2019escorrentia van a parar al barranc de l\u2019Horteta, identificat com un dels or\u00edgens de la barrancada per trobar-se en la cap\u00e7alera del barranc del Poio. La nova llei, que facilita la instal\u00b7laci\u00f3 de noves centrals, aix\u00ed com l\u2019autoritzaci\u00f3 ambiental favorable dels projectes nomenats, arrib\u00e0 pocs dies despr\u00e9s de la trag\u00e8dia, malgrat les cr\u00edtiques municipals i ve\u00efnals.<\/p>\n\n\n\n<figure class=\"wp-block-image size-large\"><img loading=\"lazy\" decoding=\"async\" width=\"1024\" height=\"768\" src=\"https:\/\/ubiracional.org\/wp-content\/uploads\/WhatsApp-Image-2025-05-11-at-08.20.55-2-1024x768.jpeg\" alt=\"\" class=\"wp-image-932\" srcset=\"https:\/\/ubiracional.org\/wp-content\/uploads\/WhatsApp-Image-2025-05-11-at-08.20.55-2-1024x768.jpeg 1024w, https:\/\/ubiracional.org\/wp-content\/uploads\/WhatsApp-Image-2025-05-11-at-08.20.55-2-300x225.jpeg 300w, https:\/\/ubiracional.org\/wp-content\/uploads\/WhatsApp-Image-2025-05-11-at-08.20.55-2-768x576.jpeg 768w, https:\/\/ubiracional.org\/wp-content\/uploads\/WhatsApp-Image-2025-05-11-at-08.20.55-2-1536x1152.jpeg 1536w, https:\/\/ubiracional.org\/wp-content\/uploads\/WhatsApp-Image-2025-05-11-at-08.20.55-2.jpeg 1600w\" sizes=\"auto, (max-width: 1024px) 100vw, 1024px\" \/><figcaption class=\"wp-element-caption translation-block\">Imatge de terrenys dins dels macroprojectes Torrentenergy I, II, III i IV,\nafectats per escorrenties durant la DANA<\/figcaption><\/figure>\n\n\n\n<p>La Coordinadora valenciana encara contin\u00faa fent seguiment dels municipis que han confirmat la presentaci\u00f3 en futurs plens municipals, confiant que prevaldr\u00e0 el sentit com\u00fa en una decisi\u00f3 tan important, tant per al territori com per a la seua gent.<\/p>\n\n\n\n<p><\/p>","protected":false},"excerpt":{"rendered":"<p>La moci\u00f3n, propuesta por la Coordinadora Valenciana per la Ubicaci\u00f3 Racional de les Energies Renovables, insta en los ayuntamientos a pedir al Govern Valenci\u00e0 la derogaci\u00f3n de ciertos art\u00edculos de [&hellip;]<\/p>","protected":false},"author":1,"featured_media":928,"comment_status":"open","ping_status":"open","sticky":false,"template":"","format":"standard","meta":{"_EventAllDay":false,"_EventTimezone":"","_EventStartDate":"","_EventEndDate":"","_EventStartDateUTC":"","_EventEndDateUTC":"","_EventShowMap":false,"_EventShowMapLink":false,"_EventURL":"","_EventCost":"","_EventCostDescription":"","_EventCurrencySymbol":"","_EventCurrencyCode":"","_EventCurrencyPosition":"","_EventDateTimeSeparator":"","_EventTimeRangeSeparator":"","_EventOrganizerID":[],"_EventVenueID":[],"_OrganizerEmail":"","_OrganizerPhone":"","_OrganizerWebsite":"","_VenueAddress":"","_VenueCity":"","_VenueCountry":"","_VenueProvince":"","_VenueState":"","_VenueZip":"","_VenuePhone":"","_VenueURL":"","_VenueStateProvince":"","_VenueLat":"","_VenueLng":"","_VenueShowMap":false,"_VenueShowMapLink":false,"footnotes":""},"categories":[1],"tags":[],"class_list":["post-927","post","type-post","status-publish","format-standard","has-post-thumbnail","hentry","category-transicion-energetica"],"_links":{"self":[{"href":"https:\/\/ubiracional.org\/val\/wp-json\/wp\/v2\/posts\/927","targetHints":{"allow":["GET"]}}],"collection":[{"href":"https:\/\/ubiracional.org\/val\/wp-json\/wp\/v2\/posts"}],"about":[{"href":"https:\/\/ubiracional.org\/val\/wp-json\/wp\/v2\/types\/post"}],"author":[{"embeddable":true,"href":"https:\/\/ubiracional.org\/val\/wp-json\/wp\/v2\/users\/1"}],"replies":[{"embeddable":true,"href":"https:\/\/ubiracional.org\/val\/wp-json\/wp\/v2\/comments?post=927"}],"version-history":[{"count":5,"href":"https:\/\/ubiracional.org\/val\/wp-json\/wp\/v2\/posts\/927\/revisions"}],"predecessor-version":[{"id":938,"href":"https:\/\/ubiracional.org\/val\/wp-json\/wp\/v2\/posts\/927\/revisions\/938"}],"wp:featuredmedia":[{"embeddable":true,"href":"https:\/\/ubiracional.org\/val\/wp-json\/wp\/v2\/media\/928"}],"wp:attachment":[{"href":"https:\/\/ubiracional.org\/val\/wp-json\/wp\/v2\/media?parent=927"}],"wp:term":[{"taxonomy":"category","embeddable":true,"href":"https:\/\/ubiracional.org\/val\/wp-json\/wp\/v2\/categories?post=927"},{"taxonomy":"post_tag","embeddable":true,"href":"https:\/\/ubiracional.org\/val\/wp-json\/wp\/v2\/tags?post=927"}],"curies":[{"name":"wp","href":"https:\/\/api.w.org\/{rel}","templated":true}]}}