{"id":988,"date":"2025-07-09T08:03:40","date_gmt":"2025-07-09T08:03:40","guid":{"rendered":"https:\/\/ubiracional.org\/?p=988"},"modified":"2025-07-09T08:33:21","modified_gmt":"2025-07-09T08:33:21","slug":"cinedeverano","status":"publish","type":"post","link":"https:\/\/ubiracional.org\/val\/cinedeverano\/","title":{"rendered":"Cinema d'Estiu"},"content":{"rendered":"<p>Aquesta estiu des de La Coordinadora per la ubicaci\u00f3 racional dels energies renovables us proposem dues noves propostes de cinematogr\u00e0fiques per a passar en cinema a la fresca:<\/p>\n\n\n\n<p class=\"has-large-font-size\">Negocionisme clim\u00e0tic<\/p>\n\n\n\n<p>Luzera arriba al teu municipi oferint energia 100% verd, desenvolupament sostenible i progr\u00e9s garantit. Una visi\u00f3 des de l'humor de l'especulaci\u00f3 renovable.<\/p>\n\n\n\n<p><strong>Producci\u00f3: Sistema Solar i Perif\u00e8ries<br>Gui\u00f3: Vicent Almela<br>Duraci\u00f3: 25 min<\/strong><\/p>\n\n\n\n<p>Podeu trobar la pel\u00b7l\u00edcula completa ac\u00ed:<\/p>\n\n\n\n<figure class=\"wp-block-embed is-type-video is-provider-youtube wp-block-embed-youtube wp-embed-aspect-16-9 wp-has-aspect-ratio\"><div class=\"wp-block-embed__wrapper\">\n<iframe loading=\"lazy\" title=\"Negocionisme Clima\u0300tic\" width=\"500\" height=\"281\" src=\"https:\/\/www.youtube.com\/embed\/CJn62SORjNY?start=1&#038;feature=oembed\" frameborder=\"0\" allow=\"accelerometer; autoplay; clipboard-write; encrypted-media; gyroscope; picture-in-picture; web-share\" referrerpolicy=\"strict-origin-when-cross-origin\" allowfullscreen><\/iframe>\n<\/div><\/figure>\n\n\n\n<p class=\"has-large-font-size\">Renovables forzosas<\/p>\n\n\n\n<p>En Lopera, la promesa de la transici\u00f3 ecol\u00f2gica es converteix en un malson. Els olivars centenaris, testimonis de generacions d'agricultors, estan sent arrancats per a donar pas a megaplantas fotovoltaiques. Un nou documental centrat en la viv\u00e8ncia d'un poble i narrat per les pr\u00f2pies persones afectades.\u00a0<\/p>\n\n\n\n<p><strong>Producci\u00f3: Bordonada Films<br>Director: Francisco Javier Fern\u00e1ndez Bordonada<br>Gui\u00f3 Original: Mar de Dios<br>Duraci\u00f3: 25 min<\/strong><\/p>\n\n\n\n<p>Podeu veure el trailer en el seg\u00fcent enlla\u00e7:<br><\/p>\n\n\n\n<figure class=\"wp-block-embed is-type-video is-provider-vimeo wp-block-embed-vimeo wp-embed-aspect-16-9 wp-has-aspect-ratio\"><div class=\"wp-block-embed__wrapper\">\n<iframe loading=\"lazy\" title=\"RENOVABLES FORZOSAS - TRAILER  (Forced Renewables -Trailer)\" src=\"https:\/\/player.vimeo.com\/video\/1032877051?dnt=1&amp;app_id=122963\" width=\"500\" height=\"281\" frameborder=\"0\" allow=\"autoplay; fullscreen; picture-in-picture; clipboard-write; encrypted-media; web-share\"><\/iframe>\n<\/div><\/figure>\n\n\n\n<p>Per a projectar el documental en el teu municipi et deixem el contacte de la productora.<\/p>\n\n\n\n<p>Francisco Javier Fernandez Bordonada,<br>Productor de Cine Documental<br><a href=\"mailto:chavinandez@gmail.com\" target=\"_blank\" rel=\"noreferrer noopener\">chavinandez@gmail.com<\/a><\/p>\n\n\n\n<p><a href=\"http:\/\/www.bordonadafilms.com\/\" target=\"_blank\" rel=\"noreferrer noopener\">www.bordonadafilms.com<\/a><\/p>","protected":false},"excerpt":{"rendered":"<p>Esta&nbsp;verano desde La Coordinadora per la ubicaci\u00f3 racional de les energies renovables os proponemos dos nuevas propuestas de cinematogr\u00e1ficas para pasar en cine a la fresca: Negocionisme clim\u00e0tic Luzera llega [&hellip;]<\/p>","protected":false},"author":1,"featured_media":1000,"comment_status":"open","ping_status":"open","sticky":false,"template":"","format":"standard","meta":{"_EventAllDay":false,"_EventTimezone":"","_EventStartDate":"","_EventEndDate":"","_EventStartDateUTC":"","_EventEndDateUTC":"","_EventShowMap":false,"_EventShowMapLink":false,"_EventURL":"","_EventCost":"","_EventCostDescription":"","_EventCurrencySymbol":"","_EventCurrencyCode":"","_EventCurrencyPosition":"","_EventDateTimeSeparator":"","_EventTimeRangeSeparator":"","_EventOrganizerID":[],"_EventVenueID":[],"_OrganizerEmail":"","_OrganizerPhone":"","_OrganizerWebsite":"","_VenueAddress":"","_VenueCity":"","_VenueCountry":"","_VenueProvince":"","_VenueState":"","_VenueZip":"","_VenuePhone":"","_VenueURL":"","_VenueStateProvince":"","_VenueLat":"","_VenueLng":"","_VenueShowMap":false,"_VenueShowMapLink":false,"footnotes":""},"categories":[1],"tags":[],"class_list":["post-988","post","type-post","status-publish","format-standard","has-post-thumbnail","hentry","category-transicion-energetica"],"_links":{"self":[{"href":"https:\/\/ubiracional.org\/val\/wp-json\/wp\/v2\/posts\/988","targetHints":{"allow":["GET"]}}],"collection":[{"href":"https:\/\/ubiracional.org\/val\/wp-json\/wp\/v2\/posts"}],"about":[{"href":"https:\/\/ubiracional.org\/val\/wp-json\/wp\/v2\/types\/post"}],"author":[{"embeddable":true,"href":"https:\/\/ubiracional.org\/val\/wp-json\/wp\/v2\/users\/1"}],"replies":[{"embeddable":true,"href":"https:\/\/ubiracional.org\/val\/wp-json\/wp\/v2\/comments?post=988"}],"version-history":[{"count":4,"href":"https:\/\/ubiracional.org\/val\/wp-json\/wp\/v2\/posts\/988\/revisions"}],"predecessor-version":[{"id":999,"href":"https:\/\/ubiracional.org\/val\/wp-json\/wp\/v2\/posts\/988\/revisions\/999"}],"wp:featuredmedia":[{"embeddable":true,"href":"https:\/\/ubiracional.org\/val\/wp-json\/wp\/v2\/media\/1000"}],"wp:attachment":[{"href":"https:\/\/ubiracional.org\/val\/wp-json\/wp\/v2\/media?parent=988"}],"wp:term":[{"taxonomy":"category","embeddable":true,"href":"https:\/\/ubiracional.org\/val\/wp-json\/wp\/v2\/categories?post=988"},{"taxonomy":"post_tag","embeddable":true,"href":"https:\/\/ubiracional.org\/val\/wp-json\/wp\/v2\/tags?post=988"}],"curies":[{"name":"wp","href":"https:\/\/api.w.org\/{rel}","templated":true}]}}